{"id":5175,"date":"2026-09-01T17:51:14","date_gmt":"2026-09-01T17:51:14","guid":{"rendered":"https:\/\/osornoenvivo.cl\/?p=5175"},"modified":"2026-09-01T17:51:14","modified_gmt":"2026-09-01T17:51:14","slug":"siemens-destaca-el-valor-de-la-innovacion-y-tecnologia-alemanapara-impulsar-la-competitividad-de-la-industria-chilena","status":"publish","type":"post","link":"https:\/\/osornoenvivo.cl\/?p=5175","title":{"rendered":"Siemens destaca el valor de la innovaci\u00f3n y tecnolog\u00eda alemanapara impulsar la competitividad de la industria chilena"},"content":{"rendered":"\n<p class=\"wp-block-paragraph\">\uf0b7 En el marco del German-Chilean Business Day 2026, organizado por la C\u00e1mara<br>Chileno Alemana de Comercio e Industria, AHK Chile, la compa\u00f1\u00eda destac\u00f3 c\u00f3mo<br>la experiencia, los altos est\u00e1ndares y las soluciones avanzadas desarrolladas en<br>el pa\u00eds germano, pueden contribuir a que las empresas nacionales puedan<br>avanzar en sus procesos de transformaci\u00f3n.<br>Santiago, septiembre de 2026.- Convertir el intercambio de conocimiento, la<br>experiencia y la tecnolog\u00eda entre Chile y Alemania en soluciones concretas para los<br>desaf\u00edos de la industria fue uno de los principales temas abordados en el \u201cGerman<br>Chilean Business Day 2026\u201d, encuentro realizado en el marco de la celebraci\u00f3n de los<br>110 a\u00f1os de la C\u00e1mara Chileno Alemana de Comercio e Industria, AHK, para analizar<br>las oportunidades de colaboraci\u00f3n bilateral y el rol que pueden desempe\u00f1ar las<br>empresas alemanas en el desarrollo tecnol\u00f3gico e industrial del pa\u00eds.<br>Durante el panel \u201cMade in Germany: innovaci\u00f3n, calidad y tecnolog\u00eda como ventaja<br>competitiva\u201d, Ernesto Loyola, Digital Business Developer &amp; Transformation de<br>Siemens, destac\u00f3 el papel que cumplen las empresas de origen alem\u00e1n dentro del<br>ecosistema nacional, como proveedoras de tecnolog\u00eda y socios estrat\u00e9gicos para las<br>compa\u00f1\u00edas que enfrenta procesos de transformaci\u00f3n.<br>De hecho, el ejecutivo plante\u00f3 que el concepto \u201cMade in Germany\u201d trasciende la<br>fabricaci\u00f3n de productos y se relaciona m\u00e1s bien con una forma de abordar los<br>desaf\u00edos de la industria basada en la innovaci\u00f3n, la calidad, la confianza y la<br>colaboraci\u00f3n de largo plazo.<br>\u201cEstas instancias nos permiten demostrar que somos una empresa que adem\u00e1s de<br>brindar soluciones con altos est\u00e1ndares, tambi\u00e9n estamos conectados con lo que<br>nuestros clientes necesitan. Estar junto a distintos actores del ecosistema p\u00fablico-<br>privado, nos permite generar una visi\u00f3n estrat\u00e9gica de colaboraci\u00f3n y demostrar<br>nuestra intenci\u00f3n conjunta de generar valor, potenciando la industria con el<br>conocimiento que nos entrega Alemania\u201d, coment\u00f3 Loyola.<br>En este contexto, el representante de Siemens destac\u00f3 que uno de los principales<br>desaf\u00edos para las compa\u00f1\u00edas chilenas es avanzar en la incorporaci\u00f3n de nuevas<br>tecnolog\u00edas de manera alineada con sus objetivos de negocio. Para ello sostuvo que la<br>transformaci\u00f3n digital no puede abordarse \u00fanicamente desde la adquisici\u00f3n de<br>herramientas, sino desde una comprensi\u00f3n integral de las necesidades y brechas de<br>cada organizaci\u00f3n.<br>\u201cNo se trata solamente de entregar un producto, sino de acompa\u00f1ar a los clientes en<br>sus desaf\u00edos. Nos sentamos con ellos, comprendemos sus necesidades y a partir de ah\u00ed,<br>buscamos alternativas que realmente generar valor e impacto en su negocio,<br>considerando sus objetivos de largo plazo\u201d, agreg\u00f3 Loyola.<\/p>\n\n\n\n<p class=\"wp-block-paragraph\">La participaci\u00f3n de Siemens en el encuentro tambi\u00e9n permiti\u00f3 relevar el potencial de<br>la colaboraci\u00f3n entre Chile y Alemania para acelerar la transformaci\u00f3n de sectores<br>estrat\u00e9gicos. En \u00e1mbitos como la digitalizaci\u00f3n, automatizaci\u00f3n, innovaci\u00f3n, energ\u00eda y<br>productividad, la incorporaci\u00f3n de tecnolog\u00eda y conocimiento especializado puede<br>contribuir a que las empresas mejoren sus procesos, avancen en nuevos proyectos y<br>fortalezcan su competitividad.<\/p>\n","protected":false},"excerpt":{"rendered":"<p>\uf0b7 En el marco del German-Chilean Business Day 2026, organizado por la C\u00e1maraChileno Alemana de Comercio e Industria, AHK Chile, la compa\u00f1\u00eda destac\u00f3 c\u00f3mola experiencia, los<span class=\"excerpt-hellip\"> [\u2026]<\/span><\/p>\n","protected":false},"author":4,"featured_media":5176,"comment_status":"open","ping_status":"open","sticky":false,"template":"","format":"standard","meta":{"footnotes":""},"categories":[1],"tags":[],"class_list":["post-5175","post","type-post","status-publish","format-standard","has-post-thumbnail","hentry","category-uncategorized"],"_links":{"self":[{"href":"https:\/\/osornoenvivo.cl\/index.php?rest_route=\/wp\/v2\/posts\/5175","targetHints":{"allow":["GET"]}}],"collection":[{"href":"https:\/\/osornoenvivo.cl\/index.php?rest_route=\/wp\/v2\/posts"}],"about":[{"href":"https:\/\/osornoenvivo.cl\/index.php?rest_route=\/wp\/v2\/types\/post"}],"author":[{"embeddable":true,"href":"https:\/\/osornoenvivo.cl\/index.php?rest_route=\/wp\/v2\/users\/4"}],"replies":[{"embeddable":true,"href":"https:\/\/osornoenvivo.cl\/index.php?rest_route=%2Fwp%2Fv2%2Fcomments&post=5175"}],"version-history":[{"count":1,"href":"https:\/\/osornoenvivo.cl\/index.php?rest_route=\/wp\/v2\/posts\/5175\/revisions"}],"predecessor-version":[{"id":5177,"href":"https:\/\/osornoenvivo.cl\/index.php?rest_route=\/wp\/v2\/posts\/5175\/revisions\/5177"}],"wp:featuredmedia":[{"embeddable":true,"href":"https:\/\/osornoenvivo.cl\/index.php?rest_route=\/wp\/v2\/media\/5176"}],"wp:attachment":[{"href":"https:\/\/osornoenvivo.cl\/index.php?rest_route=%2Fwp%2Fv2%2Fmedia&parent=5175"}],"wp:term":[{"taxonomy":"category","embeddable":true,"href":"https:\/\/osornoenvivo.cl\/index.php?rest_route=%2Fwp%2Fv2%2Fcategories&post=5175"},{"taxonomy":"post_tag","embeddable":true,"href":"https:\/\/osornoenvivo.cl\/index.php?rest_route=%2Fwp%2Fv2%2Ftags&post=5175"}],"curies":[{"name":"wp","href":"https:\/\/api.w.org\/{rel}","templated":true}]}}