{"id":5205,"date":"2026-09-02T01:12:42","date_gmt":"2026-09-02T01:12:42","guid":{"rendered":"https:\/\/osornoenvivo.cl\/?p=5205"},"modified":"2026-09-02T01:12:43","modified_gmt":"2026-09-02T01:12:43","slug":"migrana-mas-que-un-sintoma-una-enfermedad-neurologica","status":"publish","type":"post","link":"https:\/\/osornoenvivo.cl\/?p=5205","title":{"rendered":"MIGRA\u00d1A: MAS QUE UN SINTOMA, UNA ENFERMEDAD NEUROLOGICA"},"content":{"rendered":"\n<p class=\"wp-block-paragraph\">\uf0b7 Es considerada una de las que produce mayor discapacidad y por tanto un<br>grave problema de salud p\u00fablica que afecta a cerca de 2,4 a 3 millones de<br>personas en Chile.<br>\uf0b7 Contin\u00faa subdiagnosticada, generando ausentismo, p\u00e9rdida de<br>productividad y mala calidad de vida.<br>\uf0b7 Mesa de alto nivel de autoridades nacionales, internacionales, especialistas<br>y pacientes busca contribuir a implementar pol\u00edticas p\u00fablicas sobre el tema.<br>Se estima que entre 2,4 y 3 millones de personas podr\u00edan vivir con migra\u00f1a en Chile. Sin<br>embargo, esta cifra corresponde s\u00f3lo a una aproximaci\u00f3n, ya que no existe un registro<br>nacional de personas diagnosticadas con esta enfermedad que permita dimensionar con<br>precisi\u00f3n su impacto a nivel social y laboral, ni tampoco sus principales brechas de<br>atenci\u00f3n.<br>En este contexto, se realiz\u00f3 la Mesa de Di\u00e1logo de Alto Nivel: \u201cExplorando la pol\u00edtica de<br>migra\u00f1a en Chile, Am\u00e9rica Latina y el mundo\u201d en el Campus Providencia de la<br>Universidad Aut\u00f3noma de Chile, donde se reunieron autoridades, representantes de<br>organismos internacionales, acad\u00e9micos y representantes de pacientes para analizar el<br>estado de la agenda de la migra\u00f1a a nivel nacional, identificar los desaf\u00edos pendientes y<br>discutir oportunidades para fortalecer las pol\u00edticas p\u00fablicas asociadas a esta patolog\u00eda.<br>Entre los participantes destac\u00f3 Alejandra Pizarro, subsecretaria de Salud P\u00fablica del<br>Ministerio de Salud; Giovanni Escalante, representante de OPS Chile; Fernando Araos,<br>director ejecutivo del Organismo Andino de Salud (ORAS-CONHU); Carolina Neira, jefa<br>del Departamento de Enfermedades No Transmisibles del MINSAL; Antonia Cancino,<br>presidenta y fundadora del Club de la Migra\u00f1a; y v\u00eda remota Karla Rubilar Barahona,<br>directora de la Unidad de Salud P\u00fablica de la Universidad Aut\u00f3noma de Chile.<br>Mucho m\u00e1s que un dolor de cabeza<br>La migra\u00f1a es una enfermedad neurol\u00f3gica que puede generar una alta discapacidad.<br>Durante una crisis, las personas pueden experimentar dolor intenso, n\u00e1useas, v\u00f3mitos,<br>fotofobia y fonofobia, llegando en muchos casos a tener que suspender sus actividades<br>habituales y permanecer en ambientes oscuros y silenciosos.<br>Su impacto puede extenderse mucho m\u00e1s all\u00e1 de las horas que dura una crisis, afectando<br>el trabajo, los estudios, las relaciones familiares y la vida social, incluso cuando entre los<br>episodios el paciente aparenta encontrarse completamente sana.<br>De hecho, un estudio realizado en pacientes chilenos estim\u00f3 un 48% de deterioro de la<br>productividad laboral total, incluyendo un 44% de reducci\u00f3n de productividad mientras se<br>trabaja y un 11% asociado a ausentismo. Adem\u00e1s, un 18% de los participantes hab\u00eda<br>requerido una licencia m\u00e9dica durante el a\u00f1o previo debido a la migra\u00f1a.<br>La enfermedad tiene, adem\u00e1s, una marcada dimensi\u00f3n de g\u00e9nero. En la edad adulta, la<br>prevalencia puede ser aproximadamente dos a tres veces mayor en mujeres que en<\/p>\n\n\n\n<p class=\"wp-block-paragraph\">hombres, afectando especialmente a personas que se encuentran en etapas de alta<br>actividad laboral, familiar y social.<br>A pesar de su impacto, la migra\u00f1a contin\u00faa siendo una enfermedad subdiagnosticada.<br>Muchas personas pueden pasar a\u00f1os tratando sus s\u00edntomas mediante la automedicaci\u00f3n<br>y el consumo frecuente de analg\u00e9sicos, sin acceder a una evaluaci\u00f3n m\u00e9dica que permita<br>determinar adecuadamente el origen de sus cefaleas.<br>\u201cLamentablemente vemos con mucha frecuencia que los pacientes se automedican con<br>f\u00e1rmacos que no conocen del todo o que les sugieren cercanos o conocidos por<br>experiencias similares, lo cual agrava el problema, predispone al paciente a sufrir<br>complicaciones propias de los medicamentos y cronifica su dolor. La recomendaci\u00f3n es<br>que las personas busquen ayuda con un especialista que les pueda indicar un tratamiento<br>que sea acorde a sus requerimientos, para poder as\u00ed llegar a un buen resultado\u201d, destac\u00f3<br>el doctor Alex Espinoza, Presidente de la Sociedad de neurolog\u00eda, psiquiatr\u00eda y<br>neurocirug\u00eda de Chile (Sonepsyn).<br>\u00bfPor qu\u00e9 es necesario un registro nacional?<br>Uno de los principales desaf\u00edos para avanzar en pol\u00edticas p\u00fablicas efectivas es contar con<br>informaci\u00f3n precisa. Sin embargo, actualmente no existe un registro nacional que permita<br>conocer cu\u00e1ntas personas han sido diagnosticadas, cu\u00e1les son sus caracter\u00edsticas, qu\u00e9<br>tratamientos reciben, qu\u00e9 dificultades enfrentan para acceder a atenci\u00f3n y cu\u00e1l es el<br>impacto de la enfermedad en su vida cotidiana y laboral.<br>\u201cTanto en Chile como en Latinoam\u00e9rica, existe un mayor reconocimiento de la migra\u00f1a<br>como una enfermedad de alta severidad e incapacidad, lo que abre una oportunidad para<br>avanzar en pol\u00edticas p\u00fablicas que beneficien a los pacientes. Si bien existe una ruta de<br>trabajo proyectada hasta 2027, a\u00fan falta concretar acciones y fortalecer la generaci\u00f3n de<br>datos. El desaf\u00edo es que este esfuerzo trascienda las organizaciones y se traduzca en un<br>mayor compromiso del Estado, con acciones que mejoren el acceso, la atenci\u00f3n y la<br>cobertura para quienes viven con este problema\u201d, asegur\u00f3 Antonia Cancino, presidenta y<br>fundadora de la organizaci\u00f3n de pacienets Chle \u201dClub de la Migra\u00f1a\u201d.<br>Es por ello que, durante la Mesa de Di\u00e1logo, se establecieron compromisos y pr\u00f3ximos<br>pasos, con el objetivo de transformar el debate en acciones concretas para fortalecer la<br>agenda de migra\u00f1a.<br>\u201cEs muy positivo que autoridades, organismos internacionales, sociedades cient\u00edficas y<br>pacientes est\u00e9n dando visibilidad a la migra\u00f1a, una enfermedad que por a\u00f1os ha<br>permanecido invisible. Necesitamos reconocer su impacto social, econ\u00f3mico, laboral y<br>familiar, y abrir una conversaci\u00f3n m\u00e1s profunda entre pacientes y profesionales de la<br>salud. Visibilizarla es el primer paso para generar mayor conocimiento, impulsar la<br>investigaci\u00f3n y avanzar hacia una atenci\u00f3n m\u00e1s especializada y oportuna\u201d, concluy\u00f3 Eva<br>Mar\u00eda Ruiz de Castilla, directora ejecutiva de Latin American Patients Academy (LAPA).<\/p>\n","protected":false},"excerpt":{"rendered":"<p>\uf0b7 Es considerada una de las que produce mayor discapacidad y por tanto ungrave problema de salud p\u00fablica que afecta a cerca de 2,4 a 3<span class=\"excerpt-hellip\"> [\u2026]<\/span><\/p>\n","protected":false},"author":4,"featured_media":5206,"comment_status":"open","ping_status":"open","sticky":false,"template":"","format":"standard","meta":{"footnotes":""},"categories":[1],"tags":[],"class_list":["post-5205","post","type-post","status-publish","format-standard","has-post-thumbnail","hentry","category-uncategorized"],"_links":{"self":[{"href":"https:\/\/osornoenvivo.cl\/index.php?rest_route=\/wp\/v2\/posts\/5205","targetHints":{"allow":["GET"]}}],"collection":[{"href":"https:\/\/osornoenvivo.cl\/index.php?rest_route=\/wp\/v2\/posts"}],"about":[{"href":"https:\/\/osornoenvivo.cl\/index.php?rest_route=\/wp\/v2\/types\/post"}],"author":[{"embeddable":true,"href":"https:\/\/osornoenvivo.cl\/index.php?rest_route=\/wp\/v2\/users\/4"}],"replies":[{"embeddable":true,"href":"https:\/\/osornoenvivo.cl\/index.php?rest_route=%2Fwp%2Fv2%2Fcomments&post=5205"}],"version-history":[{"count":1,"href":"https:\/\/osornoenvivo.cl\/index.php?rest_route=\/wp\/v2\/posts\/5205\/revisions"}],"predecessor-version":[{"id":5207,"href":"https:\/\/osornoenvivo.cl\/index.php?rest_route=\/wp\/v2\/posts\/5205\/revisions\/5207"}],"wp:featuredmedia":[{"embeddable":true,"href":"https:\/\/osornoenvivo.cl\/index.php?rest_route=\/wp\/v2\/media\/5206"}],"wp:attachment":[{"href":"https:\/\/osornoenvivo.cl\/index.php?rest_route=%2Fwp%2Fv2%2Fmedia&parent=5205"}],"wp:term":[{"taxonomy":"category","embeddable":true,"href":"https:\/\/osornoenvivo.cl\/index.php?rest_route=%2Fwp%2Fv2%2Fcategories&post=5205"},{"taxonomy":"post_tag","embeddable":true,"href":"https:\/\/osornoenvivo.cl\/index.php?rest_route=%2Fwp%2Fv2%2Ftags&post=5205"}],"curies":[{"name":"wp","href":"https:\/\/api.w.org\/{rel}","templated":true}]}}