{"id":5208,"date":"2026-09-02T01:14:00","date_gmt":"2026-09-02T01:14:00","guid":{"rendered":"https:\/\/osornoenvivo.cl\/?p=5208"},"modified":"2026-09-02T01:14:00","modified_gmt":"2026-09-02T01:14:00","slug":"claudio-lavado-castro-asume-como-coordinador-zonal-de-la-comision-nacional-de-riego-para-los-rios-y-los-lagos","status":"publish","type":"post","link":"https:\/\/osornoenvivo.cl\/?p=5208","title":{"rendered":"Claudio Lavado Castro asume como Coordinador Zonal de la Comisi\u00f3n Nacional de Riego para Los R\u00edos y Los Lagos"},"content":{"rendered":"\n<p class=\"wp-block-paragraph\"><em>Tras sostener su primera reuni\u00f3n de trabajo con el seremi de Agricultura de Los R\u00edos, Rodrigo Bahamonde, el nuevo coordinador zonal se\u00f1al\u00f3 que su gesti\u00f3n buscar\u00e1 impulsar, de manera oportuna, iniciativas que fortalezcan la seguridad h\u00eddrica y el desarrollo del riego en la macrozona sur.<\/em><\/p>\n\n\n\n<p class=\"wp-block-paragraph\">La Uni\u00f3n, martes 1 de septiembre de 2026.- El ingeniero de ejecuci\u00f3n en agronom\u00eda Claudio Lavado Castro asumi\u00f3 oficialmente como nuevo coordinador zonal de la Comisi\u00f3n Nacional de Riego (CNR) para las regiones de Los R\u00edos y Los Lagos.<\/p>\n\n\n\n<p class=\"wp-block-paragraph\">Desde este cargo, tendr\u00e1 la misi\u00f3n de contribuir al desarrollo del riego en ambas regiones, promoviendo iniciativas que fortalezcan la infraestructura h\u00eddrica, el uso eficiente del agua y la capacidad de adaptaci\u00f3n de las y los agricultores ante los efectos de la variabilidad clim\u00e1tica.<\/p>\n\n\n\n<p class=\"wp-block-paragraph\">En el marco de sus primeras actividades oficiales, Lavado recibi\u00f3 la visita protocolar del seremi de Agricultura de la Regi\u00f3n de Los R\u00edos, Rodrigo Bahamonde. Durante el encuentro abordaron los principales desaf\u00edos y prioridades de la CNR en la macrozona sur, as\u00ed como las oportunidades que ofrece la Ley de Riego para apoyar a agricultores, agricultoras y organizaciones de usuarios de agua.<\/p>\n\n\n\n<p class=\"wp-block-paragraph\">La gesti\u00f3n se enmarca en los lineamientos del Gobierno del Presidente Jos\u00e9 Antonio Kast y del Ministerio de Agricultura, orientados a fortalecer el desarrollo del sector silvoagropecuario y reconocer al riego como infraestructura estrat\u00e9gica para la producci\u00f3n de alimentos, la seguridad h\u00eddrica y el desarrollo de los territorios rurales.<\/p>\n\n\n\n<p class=\"wp-block-paragraph\">\u201cEs un honor asumir la coordinaci\u00f3n zonal de la CNR en las regiones de Los R\u00edos y Los Lagos. Nuestro compromiso ser\u00e1 trabajar junto a agricultores y organizaciones de usuarios de agua para impulsar proyectos que mejoren la seguridad y eficiencia del riego, considerando las particularidades de cada regi\u00f3n y los desaf\u00edos que plantea la variabilidad clim\u00e1tica. A trav\u00e9s de los instrumentos de la Ley de Riego, buscaremos fortalecer la infraestructura, la acumulaci\u00f3n y la tecnificaci\u00f3n, contribuyendo as\u00ed al desarrollo productivo y a una agricultura m\u00e1s resiliente\u201d, afirm\u00f3 Claudio Lavado.<\/p>\n","protected":false},"excerpt":{"rendered":"<p>Tras sostener su primera reuni\u00f3n de trabajo con el seremi de Agricultura de Los R\u00edos, Rodrigo Bahamonde, el nuevo coordinador zonal se\u00f1al\u00f3 que su gesti\u00f3n buscar\u00e1<span class=\"excerpt-hellip\"> [\u2026]<\/span><\/p>\n","protected":false},"author":4,"featured_media":5209,"comment_status":"open","ping_status":"open","sticky":false,"template":"","format":"standard","meta":{"footnotes":""},"categories":[1],"tags":[],"class_list":["post-5208","post","type-post","status-publish","format-standard","has-post-thumbnail","hentry","category-uncategorized"],"_links":{"self":[{"href":"https:\/\/osornoenvivo.cl\/index.php?rest_route=\/wp\/v2\/posts\/5208","targetHints":{"allow":["GET"]}}],"collection":[{"href":"https:\/\/osornoenvivo.cl\/index.php?rest_route=\/wp\/v2\/posts"}],"about":[{"href":"https:\/\/osornoenvivo.cl\/index.php?rest_route=\/wp\/v2\/types\/post"}],"author":[{"embeddable":true,"href":"https:\/\/osornoenvivo.cl\/index.php?rest_route=\/wp\/v2\/users\/4"}],"replies":[{"embeddable":true,"href":"https:\/\/osornoenvivo.cl\/index.php?rest_route=%2Fwp%2Fv2%2Fcomments&post=5208"}],"version-history":[{"count":1,"href":"https:\/\/osornoenvivo.cl\/index.php?rest_route=\/wp\/v2\/posts\/5208\/revisions"}],"predecessor-version":[{"id":5210,"href":"https:\/\/osornoenvivo.cl\/index.php?rest_route=\/wp\/v2\/posts\/5208\/revisions\/5210"}],"wp:featuredmedia":[{"embeddable":true,"href":"https:\/\/osornoenvivo.cl\/index.php?rest_route=\/wp\/v2\/media\/5209"}],"wp:attachment":[{"href":"https:\/\/osornoenvivo.cl\/index.php?rest_route=%2Fwp%2Fv2%2Fmedia&parent=5208"}],"wp:term":[{"taxonomy":"category","embeddable":true,"href":"https:\/\/osornoenvivo.cl\/index.php?rest_route=%2Fwp%2Fv2%2Fcategories&post=5208"},{"taxonomy":"post_tag","embeddable":true,"href":"https:\/\/osornoenvivo.cl\/index.php?rest_route=%2Fwp%2Fv2%2Ftags&post=5208"}],"curies":[{"name":"wp","href":"https:\/\/api.w.org\/{rel}","templated":true}]}}