{"id":5211,"date":"2026-09-02T01:26:52","date_gmt":"2026-09-02T01:26:52","guid":{"rendered":"https:\/\/osornoenvivo.cl\/?p=5211"},"modified":"2026-09-02T01:26:53","modified_gmt":"2026-09-02T01:26:53","slug":"personas-mayores-reciben-nuevas-viviendas-tuteladas-enosorno-para-fortalecer-su-autonomia-y-calidad-de-vida","status":"publish","type":"post","link":"https:\/\/osornoenvivo.cl\/?p=5211","title":{"rendered":"Personas mayores reciben nuevas viviendas tuteladas enOsorno para fortalecer su autonom\u00eda y calidad de vida"},"content":{"rendered":"\n<p class=\"wp-block-paragraph\">La iniciativa forma parte del Condominio de Viviendas Tuteladas (CVT) de Osorno,<br>dispositivo que entrega una soluci\u00f3n habitacional junto con acompa\u00f1amiento<br>sociosanitario y fortalecimiento de las redes de apoyo para personas mayores.<br>Con la entrega de las llaves de sus nuevas viviendas, dos personas mayores de la<br>comuna de Osorno iniciaron una nueva etapa en sus vidas al incorporarse al<br>Condominio de Viviendas Tuteladas (CVT), dispositivo que busca garantizar<br>condiciones adecuadas de habitabilidad, promover la autonom\u00eda y fortalecer el<br>bienestar de las personas mayores.<br>La actividad cont\u00f3 con la participaci\u00f3n de representantes de la Delegaci\u00f3n<br>Presidencial Provincial de Osorno, el Ministerio de Desarrollo Social y Familia, el<br>Servicio Nacional del Adulto Mayor (SENAMA) y la Municipalidad de Osorno,<br>quienes acompa\u00f1aron a los nuevos residentes durante la entrega de sus viviendas<br>y el posterior recorrido por los inmuebles.<br>El programa est\u00e1 dirigido a personas mayores que presentan escasas redes de<br>apoyo familiar, social y\/o afectiva, entreg\u00e1ndoles una soluci\u00f3n habitacional en un<br>entorno protegido y adecuado a sus necesidades. Actualmente, el CVT de Osorno<br>cuenta con 17 personas mayores que viven de manera unipersonal, con una edad<br>promedio de 78 a\u00f1os, y cuya totalidad es beneficiaria de la Pensi\u00f3n Garantizada<br>Universal (PGU).<br>Adem\u00e1s de la entrega de viviendas mediante contrato de comodato, el<br>Condominio de Viviendas Tuteladas contempla un acompa\u00f1amiento integral, que<br>incorpora apoyo sociosanitario, promoci\u00f3n de la autonom\u00eda y articulaci\u00f3n con los<br>municipios y las redes comunitarias, contribuyendo a que las personas mayores<br>puedan desarrollar su vida de manera independiente y vinculada con su entorno.<br>El seremi de Desarrollo Social y Familia de Los Lagos, Carlos Seitz, destac\u00f3 la<br>importancia de esta iniciativa como parte de las pol\u00edticas de protecci\u00f3n social<br>dirigidas a las personas mayores.<br>\u201cQuiero felicitar especialmente a don Alberto y a don Adolfo, quienes hoy reciben<br>las llaves de sus nuevas viviendas. Estamos muy contentos de poder<br>acompa\u00f1arlos en este momento, porque estas viviendas significan mucho m\u00e1s<br>que contar con un lugar seguro y adecuado para vivir. En una regi\u00f3n como la<br>nuestra, donde muchas veces las condiciones clim\u00e1ticas<br>pueden ser complejas, contar con un espacio resguardado y con buenas<br>condiciones de habitabilidad es fundamental para nuestras personas mayores\u201d.<\/p>\n\n\n\n<p class=\"wp-block-paragraph\">Uno de los nuevos residentes, Adolfo Granica, expres\u00f3 su alegr\u00eda tras conocer su<br>nuevo hogar y agradeci\u00f3 la oportunidad de formar parte del condominio.<\/p>\n\n\n\n<p class=\"wp-block-paragraph\">\u201cMe siento muy contento de estar en este condominio de adultos mayores<br>autovalentes, en el cual voy a vivir, se supone que hasta el resto de mi vida. Ya<br>conoc\u00ed mi departamento, s\u00e9 c\u00f3mo est\u00e1 distribuido y puedo empezar a pensar en<br>las cosas que necesito para implementarlo. Estoy feliz y muy contento, y<br>agradezco al Gobierno Municipal y al Gobierno de Chile por tener esta<br>oportunidad\u201d.<br>Por su parte, la coordinadora regional de SENAMA, Paulina Concha, valor\u00f3 la<br>incorporaci\u00f3n de los nuevos residentes al dispositivo y destac\u00f3 que \u201cestamos muy<br>contentos, como Servicio Nacional del Adulto Mayor, de poder brindar esta<br>oportunidad de acceder a una vivienda digna y entregar protecci\u00f3n a las personas<br>mayores. Este es uno de nuestros grandes ejes: promover el buen vivir y un<br>envejecimiento activo, donde las personas mayores puedan desarrollar sus vidas<br>con autonom\u00eda y en condiciones adecuadas\u201d.<br>La entrega de estas viviendas se enmarca en el trabajo que busca avanzar hacia<br>una respuesta integral para las personas mayores, combinando acceso a una<br>vivienda adecuada, acompa\u00f1amiento sociosanitario, promoci\u00f3n de la autonom\u00eda y<br>fortalecimiento de las redes de apoyo.<br>De esta manera, los Condominios de Viviendas Tuteladas contribuyen no solo a<br>mejorar las condiciones de habitabilidad de sus residentes, sino tambi\u00e9n a<br>favorecer su bienestar, independencia y participaci\u00f3n en la comunidad.<\/p>\n","protected":false},"excerpt":{"rendered":"<p>La iniciativa forma parte del Condominio de Viviendas Tuteladas (CVT) de Osorno,dispositivo que entrega una soluci\u00f3n habitacional junto con acompa\u00f1amientosociosanitario y fortalecimiento de las redes de<span class=\"excerpt-hellip\"> [\u2026]<\/span><\/p>\n","protected":false},"author":4,"featured_media":5213,"comment_status":"open","ping_status":"open","sticky":false,"template":"","format":"standard","meta":{"footnotes":""},"categories":[1],"tags":[],"class_list":["post-5211","post","type-post","status-publish","format-standard","has-post-thumbnail","hentry","category-uncategorized"],"_links":{"self":[{"href":"https:\/\/osornoenvivo.cl\/index.php?rest_route=\/wp\/v2\/posts\/5211","targetHints":{"allow":["GET"]}}],"collection":[{"href":"https:\/\/osornoenvivo.cl\/index.php?rest_route=\/wp\/v2\/posts"}],"about":[{"href":"https:\/\/osornoenvivo.cl\/index.php?rest_route=\/wp\/v2\/types\/post"}],"author":[{"embeddable":true,"href":"https:\/\/osornoenvivo.cl\/index.php?rest_route=\/wp\/v2\/users\/4"}],"replies":[{"embeddable":true,"href":"https:\/\/osornoenvivo.cl\/index.php?rest_route=%2Fwp%2Fv2%2Fcomments&post=5211"}],"version-history":[{"count":1,"href":"https:\/\/osornoenvivo.cl\/index.php?rest_route=\/wp\/v2\/posts\/5211\/revisions"}],"predecessor-version":[{"id":5214,"href":"https:\/\/osornoenvivo.cl\/index.php?rest_route=\/wp\/v2\/posts\/5211\/revisions\/5214"}],"wp:featuredmedia":[{"embeddable":true,"href":"https:\/\/osornoenvivo.cl\/index.php?rest_route=\/wp\/v2\/media\/5213"}],"wp:attachment":[{"href":"https:\/\/osornoenvivo.cl\/index.php?rest_route=%2Fwp%2Fv2%2Fmedia&parent=5211"}],"wp:term":[{"taxonomy":"category","embeddable":true,"href":"https:\/\/osornoenvivo.cl\/index.php?rest_route=%2Fwp%2Fv2%2Fcategories&post=5211"},{"taxonomy":"post_tag","embeddable":true,"href":"https:\/\/osornoenvivo.cl\/index.php?rest_route=%2Fwp%2Fv2%2Ftags&post=5211"}],"curies":[{"name":"wp","href":"https:\/\/api.w.org\/{rel}","templated":true}]}}