{"id":5215,"date":"2026-09-02T01:28:57","date_gmt":"2026-09-02T01:28:57","guid":{"rendered":"https:\/\/osornoenvivo.cl\/?p=5215"},"modified":"2026-09-02T01:28:57","modified_gmt":"2026-09-02T01:28:57","slug":"integrante-de-la-orquesta-de-las-americas-destaca-el-encuentro-entre-generaciones-y-la-vigencia-de-la-musica-latinoamericana","status":"publish","type":"post","link":"https:\/\/osornoenvivo.cl\/?p=5215","title":{"rendered":"INTEGRANTE DE LA ORQUESTA DE LAS AM\u00c9RICAS DESTACA EL ENCUENTRO ENTRE GENERACIONES Y LA VIGENCIA DE LA M\u00daSICA LATINOAMERICANA"},"content":{"rendered":"\n<p class=\"wp-block-paragraph\"><strong>Katherine Loaiza valor\u00f3 el encuentro art\u00edstico junto a Inti-Illimani Hist\u00f3rico Tr\u00edo, destacando la posibilidad de acercar este repertorio a nuevas generaciones y entregar una renovada mirada a trav\u00e9s del trabajo orquestal.<\/strong><\/p>\n\n\n\n<p class=\"wp-block-paragraph\">A pocas semanas de la presentaci\u00f3n de \u201cAm\u00e9rica Novia M\u00eda\u201d, concierto que reunir\u00e1 a Inti-Illimani Hist\u00f3rico Tr\u00edo y la Orquesta de las Am\u00e9ricas en el Teatro Regional Cervantes de Valdivia este s\u00e1bado 5 de septiembre, Katherine Loaiza, integrante de la agrupaci\u00f3n regional, destac\u00f3 el valor de este encuentro como una instancia que permite vincular distintas generaciones de m\u00fasicos a trav\u00e9s de la m\u00fasica latinoamericana.<\/p>\n\n\n\n<p class=\"wp-block-paragraph\">Loaiza, quien integra la Orquesta de las Am\u00e9ricas desde sus inicios en 2017, se\u00f1al\u00f3 que uno de los principales atractivos del proyecto est\u00e1 en la posibilidad de que m\u00fasicos de distintas edades, conocimientos e identidades musicales puedan encontrarse en torno a un repertorio que forma parte de la historia cultural del continente.<\/p>\n\n\n\n<p class=\"wp-block-paragraph\">La int\u00e9rprete destac\u00f3 que la diversidad presente al interior de la orquesta permite que las nuevas generaciones se apropien de esta m\u00fasica, la hagan suya y la interpreten desde sus propias identidades, generando un di\u00e1logo con la trayectoria de Inti-Illimani Hist\u00f3rico Tr\u00edo. \u201cSi bien ellos tienen una trayectoria gigantesca de la cual nosotros vamos a empaparnos much\u00edsimo, tambi\u00e9n nosotros traemos la mezcla, la mixtura de sonidos, de timbres, de instrumentos, y eso hace que este concierto sea maravilloso\u201d.<\/p>\n\n\n\n<p class=\"wp-block-paragraph\">La cuerdista de la instituci\u00f3n cultural explic\u00f3 que el trabajo orquestal permite reimaginar este repertorio a partir de sus ritmos, sonidos y posibilidades musicales, manteniendo su esencia y demostrando que la m\u00fasica popular contin\u00faa evolucionando y nutri\u00e9ndose de distintas influencias.<\/p>\n\n\n\n<p class=\"wp-block-paragraph\">Asimismo, destac\u00f3 el valor formativo que representa compartir escenario con m\u00fasicos de la trayectoria de Horacio Salinas, Horacio Dur\u00e1n y Jos\u00e9 Seves, esperando que el p\u00fablico que asista a \u201cAm\u00e9rica Novia M\u00eda\u201d pueda vivir una experiencia en la que la memoria colectiva y el presente dialoguen a trav\u00e9s de la m\u00fasica, reconoci\u00e9ndose en las obras y conectando con una identidad cultural compartida.<\/p>\n\n\n\n<p class=\"wp-block-paragraph\">El concierto \u201cAm\u00e9rica Novia M\u00eda\u201d se realizar\u00e1 el pr\u00f3ximo s\u00e1bado 5 de septiembre, a las 19:00 horas, en el Teatro Regional Cervantes de Valdivia, y reunir\u00e1 a Inti-Illimani Hist\u00f3rico Tr\u00edo con la Orquesta de las Am\u00e9ricas en una propuesta que incorpora nuevos arreglos y sonoridades para parte del repertorio de la agrupaci\u00f3n chilena. El evento forma parte de la programaci\u00f3n del recinto valdiviano.<\/p>\n","protected":false},"excerpt":{"rendered":"<p>Katherine Loaiza valor\u00f3 el encuentro art\u00edstico junto a Inti-Illimani Hist\u00f3rico Tr\u00edo, destacando la posibilidad de acercar este repertorio a nuevas generaciones y entregar una renovada mirada<span class=\"excerpt-hellip\"> [\u2026]<\/span><\/p>\n","protected":false},"author":4,"featured_media":5216,"comment_status":"open","ping_status":"open","sticky":false,"template":"","format":"standard","meta":{"footnotes":""},"categories":[1],"tags":[],"class_list":["post-5215","post","type-post","status-publish","format-standard","has-post-thumbnail","hentry","category-uncategorized"],"_links":{"self":[{"href":"https:\/\/osornoenvivo.cl\/index.php?rest_route=\/wp\/v2\/posts\/5215","targetHints":{"allow":["GET"]}}],"collection":[{"href":"https:\/\/osornoenvivo.cl\/index.php?rest_route=\/wp\/v2\/posts"}],"about":[{"href":"https:\/\/osornoenvivo.cl\/index.php?rest_route=\/wp\/v2\/types\/post"}],"author":[{"embeddable":true,"href":"https:\/\/osornoenvivo.cl\/index.php?rest_route=\/wp\/v2\/users\/4"}],"replies":[{"embeddable":true,"href":"https:\/\/osornoenvivo.cl\/index.php?rest_route=%2Fwp%2Fv2%2Fcomments&post=5215"}],"version-history":[{"count":1,"href":"https:\/\/osornoenvivo.cl\/index.php?rest_route=\/wp\/v2\/posts\/5215\/revisions"}],"predecessor-version":[{"id":5217,"href":"https:\/\/osornoenvivo.cl\/index.php?rest_route=\/wp\/v2\/posts\/5215\/revisions\/5217"}],"wp:featuredmedia":[{"embeddable":true,"href":"https:\/\/osornoenvivo.cl\/index.php?rest_route=\/wp\/v2\/media\/5216"}],"wp:attachment":[{"href":"https:\/\/osornoenvivo.cl\/index.php?rest_route=%2Fwp%2Fv2%2Fmedia&parent=5215"}],"wp:term":[{"taxonomy":"category","embeddable":true,"href":"https:\/\/osornoenvivo.cl\/index.php?rest_route=%2Fwp%2Fv2%2Fcategories&post=5215"},{"taxonomy":"post_tag","embeddable":true,"href":"https:\/\/osornoenvivo.cl\/index.php?rest_route=%2Fwp%2Fv2%2Ftags&post=5215"}],"curies":[{"name":"wp","href":"https:\/\/api.w.org\/{rel}","templated":true}]}}