{"id":5239,"date":"2026-09-02T21:07:51","date_gmt":"2026-09-02T21:07:51","guid":{"rendered":"https:\/\/osornoenvivo.cl\/?p=5239"},"modified":"2026-09-02T21:07:51","modified_gmt":"2026-09-02T21:07:51","slug":"corfo-los-lagos-reune-a-55-personas-en-puerto-ramirez-y-refuerza-su-compromiso-con-emprendedores-de-palena-y-chaiten","status":"publish","type":"post","link":"https:\/\/osornoenvivo.cl\/?p=5239","title":{"rendered":"Corfo Los Lagos re\u00fane a 55 personas en Puerto Ram\u00edrez y refuerza su compromiso con emprendedores de Palena y Chait\u00e9n"},"content":{"rendered":"\n<p class=\"wp-block-paragraph\">La primera visita del director regional de Corfo Los Lagos, V\u00edctor S\u00e1nchez Redlich, a la provincia de Palena permiti\u00f3 recoger demandas concretas relacionadas con las dificultades en la zona para el acceso a instrumentos de fomento, la formalizaci\u00f3n y la necesidad de una mayor presencia institucional en comunas alejadas. Una agenda marcada por la articulaci\u00f3n de dos iniciativas apoyadas por Corfo en el territorio: la continuidad del Programa Estrat\u00e9gico Mesorregional Ruta de los Parques de la Patagonia y un taller de asociatividad e innovaci\u00f3n, desarrollado por Singulares junto a la Municipalidad de Palena. El encuentro se sum\u00f3 a la reuni\u00f3n realizada el d\u00eda anterior en Chait\u00e9n con la alcaldesa Clara Lazcano y al menos 25 emprendedores y actores locales.<\/p>\n\n\n\n<p class=\"wp-block-paragraph\">Palena, 1 de septiembre de 2026.- Una agenda intensa en Chaiten, Puerto Ramirez y Palena contempl\u00f3 Corfo Los Lagos, la Delegaci\u00f3n Presidencial Provincial, el Presidente de la Comisi\u00f3n Palena del Consejo Regional, las municipalidades de la Provincia de Palena, Ato Palena, Chait\u00e9n, Futaleuf\u00fa, Centro de Desarrollo de Negocios y la Singulares a trav\u00e9s del programa viraliza, convocando a emprendedores, asociaci\u00f3n de gu\u00edas locales, junta de vecinos, empresarios, alcaldes, concejales, representantes municipales, autoridades provinciales y regionales para conversar sobre asociatividad, cocreaci\u00f3n, emprendimiento y las principales brechas que enfrentan quienes desarrollan actividades productivas en la provincia de Palena.<\/p>\n\n\n\n<p class=\"wp-block-paragraph\">El objetivo de esta primera visita ha sido conocer directamente c\u00f3mo se emprende, c\u00f3mo se produce y qu\u00e9 dificultades concretas enfrentan las empresas y emprendimientos de comunas m\u00e1s alejadas de los principales centros urbanos.<\/p>\n\n\n\n<p class=\"wp-block-paragraph\">El director regional de Corfo Los Lagos V\u00edctor S\u00e1nchez se\u00f1al\u00f3 que \u201cCorfo tiene que estar al servicio de los emprendedores y empresarios, y no al rev\u00e9s. Esta visita a la provincia de Palena nos ha permitido escucharlos directamente, conocer sus dificultades y entender en terreno c\u00f3mo debemos focalizar nuestros programas para que tengan un impacto real. Aqu\u00ed existen capacidades, oportunidades y un enorme potencial, especialmente en turismo, ganader\u00eda y producci\u00f3n agroecol\u00f3gica, lo que necesitamos es trabajo colaborativo, coordinaci\u00f3n y recursos que respondan efectivamente a la realidad de las comunas\u201d<\/p>\n\n\n\n<p class=\"wp-block-paragraph\">Durante la actividad, el ejecutivo t\u00e9cnico de Corfo Los Lagos Jaime Vel\u00e1zquez present\u00f3 las herramientas disponibles a trav\u00e9s de Corfo y del Comit\u00e9 de Desarrollo Productivo Regional, entregando informaci\u00f3n sobre alternativas de apoyo para empresas y emprendimientos.<\/p>\n\n\n\n<p class=\"wp-block-paragraph\">En tanto el consejero Regional presidente de la comisi\u00f3n Palena F\u00e9lix Vargas uno de los impulsores de estos encuentros dijo que \u201ccreemos que las pol\u00edticas p\u00fablicas tienen que construirse desde las provincias y comunas junto a quienes realmente mueven la econom\u00eda local: nuestros emprendedores, empresarios y productores. La articulaci\u00f3n que estamos generando entre los municipios, Corfo y los actores productivos busca precisamente recoger esas necesidades y transformarlas en oportunidades concretas. Palena tiene talento, recursos y enormes capacidades; nuestro desaf\u00edo es lograr que las cuatro comunas \u2014Chait\u00e9n, Futaleuf\u00fa, Palena y Hualaihu\u00e9\u2014 tengan las herramientas, la inversi\u00f3n y el apoyo necesarios para crecer y ocupar el lugar que merecen dentro de la Regi\u00f3n de Los Lagos.\u201d<\/p>\n\n\n\n<p class=\"wp-block-paragraph\">La alcaldesa de la comuna de Chait\u00e9n Clara Lazcano valor\u00f3 este encuentro \u201cEsto es descentralizaci\u00f3n de verdad: que las autoridades lleguen al territorio, escuchen y trabajen directamente con nuestros emprendedores, porque son ellos quienes generan actividad econ\u00f3mica, empleo y oportunidades en la comuna. Solo as\u00ed podemos construir pol\u00edticas p\u00fablicas que respondan a nuestra realidad.\u201d<\/p>\n\n\n\n<p class=\"wp-block-paragraph\">El alcalde de Palena Julio Delgado valor\u00f3 la reuni\u00f3n en Alto Palena y la visita de Corfo, que permiti\u00f3 conocer las necesidades y solicitar programas focalizados y financiamiento para emprendedores, especialmente del turismo, ganader\u00eda, agroecolog\u00eda y otras \u00e1reas productivas.<\/p>\n\n\n\n<p class=\"wp-block-paragraph\">Fernando Grand\u00f3n Alcalde de Futaleufu \u201cComo autoridades hemos insistido en la necesidad de focalizar los programas de fomento y hoy valoramos que esa solicitud est\u00e9 siendo recogida. Para territorios apartados como el nuestro es fundamental que instituciones como Corfo y Sercotec tengan una presencia efectiva en la zona\u201d<\/p>\n","protected":false},"excerpt":{"rendered":"<p>La primera visita del director regional de Corfo Los Lagos, V\u00edctor S\u00e1nchez Redlich, a la provincia de Palena permiti\u00f3 recoger demandas concretas relacionadas con las dificultades<span class=\"excerpt-hellip\"> [\u2026]<\/span><\/p>\n","protected":false},"author":4,"featured_media":5240,"comment_status":"open","ping_status":"open","sticky":false,"template":"","format":"standard","meta":{"footnotes":""},"categories":[1],"tags":[],"class_list":["post-5239","post","type-post","status-publish","format-standard","has-post-thumbnail","hentry","category-uncategorized"],"_links":{"self":[{"href":"https:\/\/osornoenvivo.cl\/index.php?rest_route=\/wp\/v2\/posts\/5239","targetHints":{"allow":["GET"]}}],"collection":[{"href":"https:\/\/osornoenvivo.cl\/index.php?rest_route=\/wp\/v2\/posts"}],"about":[{"href":"https:\/\/osornoenvivo.cl\/index.php?rest_route=\/wp\/v2\/types\/post"}],"author":[{"embeddable":true,"href":"https:\/\/osornoenvivo.cl\/index.php?rest_route=\/wp\/v2\/users\/4"}],"replies":[{"embeddable":true,"href":"https:\/\/osornoenvivo.cl\/index.php?rest_route=%2Fwp%2Fv2%2Fcomments&post=5239"}],"version-history":[{"count":1,"href":"https:\/\/osornoenvivo.cl\/index.php?rest_route=\/wp\/v2\/posts\/5239\/revisions"}],"predecessor-version":[{"id":5241,"href":"https:\/\/osornoenvivo.cl\/index.php?rest_route=\/wp\/v2\/posts\/5239\/revisions\/5241"}],"wp:featuredmedia":[{"embeddable":true,"href":"https:\/\/osornoenvivo.cl\/index.php?rest_route=\/wp\/v2\/media\/5240"}],"wp:attachment":[{"href":"https:\/\/osornoenvivo.cl\/index.php?rest_route=%2Fwp%2Fv2%2Fmedia&parent=5239"}],"wp:term":[{"taxonomy":"category","embeddable":true,"href":"https:\/\/osornoenvivo.cl\/index.php?rest_route=%2Fwp%2Fv2%2Fcategories&post=5239"},{"taxonomy":"post_tag","embeddable":true,"href":"https:\/\/osornoenvivo.cl\/index.php?rest_route=%2Fwp%2Fv2%2Ftags&post=5239"}],"curies":[{"name":"wp","href":"https:\/\/api.w.org\/{rel}","templated":true}]}}