{"id":5245,"date":"2026-09-02T21:09:49","date_gmt":"2026-09-02T21:09:49","guid":{"rendered":"https:\/\/osornoenvivo.cl\/?p=5245"},"modified":"2026-09-02T21:09:50","modified_gmt":"2026-09-02T21:09:50","slug":"consejeros-de-la-provincia-de-osorno-comprometen-gestiones-para-impulsar-mejoras-y-ampliar-infraestructura-del-aerodromo-canal-bajo","status":"publish","type":"post","link":"https:\/\/osornoenvivo.cl\/?p=5245","title":{"rendered":"Consejeros de la provincia de Osorno comprometen gestiones para impulsar mejoras y ampliar infraestructura del Aer\u00f3dromo Ca\u00f1al Bajo"},"content":{"rendered":"\n<p class=\"wp-block-paragraph\">Los consejeros regionales conocieron en terreno las necesidades de corto, mediano y largo plazo del recinto aeroportuario, incluyendo la reposici\u00f3n de la pista, ampliaci\u00f3n de las salas de embarque y mejoras en seguridad e infraestructura el\u00e9ctrica con la Direcci\u00f3n General de Aeron\u00e1utica Civil (DGAC).<\/p>\n\n\n\n<p class=\"wp-block-paragraph\">El objetivo fue conocer directamente las necesidades y definir acciones para fortalecer la infraestructura del Aer\u00f3dromo Ca\u00f1al Bajo de Osorno, donde abordaron una cartera de iniciativas destinadas a mejorar las condiciones de operaci\u00f3n del recinto, se identificaron las principales brechas que actualmente presenta el aer\u00f3dromo, estableciendo la necesidad de avanzar en una gesti\u00f3n coordinada entre la DGAC, el Ministerio de Obras P\u00fablicas y el Gobierno Regional.<\/p>\n\n\n\n<p class=\"wp-block-paragraph\">El consejero regional Eduardo Parada destac\u00f3 la importancia de que el Consejo Regional conozca directamente la realidad de las distintas instalaciones de la provincia y no dependa \u00fanicamente de la informaci\u00f3n disponible p\u00fablicamente. \u201cEl Consejo Regional no quiere informarse por la prensa, es un insumo v\u00e1lido, pero lo que m\u00e1s nos interesa es ir a terreno, conocer la realidad y saber c\u00f3mo se proyecta el aer\u00f3dromo para los pr\u00f3ximos a\u00f1os\u201d, lo que se viene ahora es la reposici\u00f3n de la pista, lo que es muy bueno, porque los aviones han aumentado su tonelaje y necesitamos una pista que pueda darnos seguridad\u201d, explic\u00f3.<\/p>\n\n\n\n<p class=\"wp-block-paragraph\">Asimismo, destac\u00f3 como una segunda prioridad la ampliaci\u00f3n de las salas de embarque y de espera, debido a las actuales condiciones de espacio que enfrenta el recinto. \u201cTenemos tambi\u00e9n el proyecto que viene despu\u00e9s de la reposici\u00f3n de la pista, que es ampliar las salas de embarque, tengo que decirlo con la pena que me da decirlo siendo de mi ciudad: actualmente son poco dignas, con gente muy apretada, eso se va a mejorar\u201d, enfatiz\u00f3 Parada.<\/p>\n\n\n\n<p class=\"wp-block-paragraph\">El consejero regional manifest\u00f3 que el desaf\u00edo ser\u00e1 conseguir los recursos necesarios para concretar estas iniciativas, ya sea mediante financiamiento nacional o regional. \u201cEsperamos tener financiamiento, si no es nacional, ser\u00e1 regional, y vamos a trabajar en eso para que el Aer\u00f3dromo de Osorno tenga el mejor servicio posible\u201d.<\/p>\n\n\n\n<p class=\"wp-block-paragraph\">En tanto, el consejero regional Francisco Reyes se\u00f1al\u00f3 que existe un compromiso para impulsar distintas iniciativas que permitan mejorar la infraestructura aeroportuaria de la capital provincial. \u201cEstamos empujando distintas iniciativas en distintos frentes, falta much\u00edsimo de gesti\u00f3n y de trabajo coordinado para lograr un mejor aer\u00f3dromo y un futuro aeropuerto. Hay financiamiento comprometido para arreglos b\u00e1sicos, pero la ampliaci\u00f3n de la pista y una mejor calidad del aer\u00f3dromo requieren una gesti\u00f3n mayor, que hemos comprometido realizar junto a la DGAC y esperamos tambi\u00e9n junto al MOP y el Gobierno Regional\u201d, expuso.<\/p>\n\n\n\n<p class=\"wp-block-paragraph\">Desde la Direcci\u00f3n General de Aeron\u00e1utica Civil tambi\u00e9n valoraron la instancia de trabajo con los representantes del Consejo Regional, destacando el respaldo pol\u00edtico y la disposici\u00f3n a generar una coordinaci\u00f3n que permita superar un per\u00edodo de estancamiento en materia de inversi\u00f3n.<\/p>\n\n\n\n<p class=\"wp-block-paragraph\">El jefe del Aer\u00f3dromo Ca\u00f1al Bajo, Pedro Guerra, destac\u00f3 que el recinto tiene m\u00e1s de seis d\u00e9cadas de funcionamiento y que actualmente existe la oportunidad de revertir a\u00f1os de rezago en materia de infraestructura. \u201cTenemos 63 a\u00f1os y ha habido un estancamiento de la comunidad y del Estado respecto del aer\u00f3dromo. Hoy queremos revertir esa situaci\u00f3n, y por eso esta instancia con los CORE y el apoyo pol\u00edtico para ayudarnos es esencial, tenemos cosas urgentes que solucionar, aparte de la infraestructura, est\u00e1 la parte el\u00e9ctrica y una plataforma que d\u00e9 seguridad a la aviaci\u00f3n\u201d, indic\u00f3.<\/p>\n\n\n\n<p class=\"wp-block-paragraph\">El jefe del aer\u00f3dromo valor\u00f3 finalmente la disposici\u00f3n de los consejeros regionales a integrarse a una instancia colaborativa que permita explorar alternativas de financiamiento y gesti\u00f3n. \u201cEl apoyo de los COREs es esencial y todo se manifiesta en esta reuni\u00f3n, quedamos a disposici\u00f3n de ellos para colaborar, comunicarnos fluidamente y dar soluci\u00f3n a estos proyectos\u201d, afirm\u00f3.<\/p>\n\n\n\n<p class=\"wp-block-paragraph\">Entre las necesidades planteadas se encuentran, adem\u00e1s, la mejora de plataformas, infraestructura el\u00e9ctrica y los sistemas asociados al abastecimiento de combustible, iniciativas que forman parte de una mirada integral para fortalecer la capacidad operativa del Aer\u00f3dromo Ca\u00f1al Bajo.<\/p>\n\n\n\n<p class=\"wp-block-paragraph\">Los consejeros regionales comprometieron continuar trabajando junto a la DGAC, el MOP y el Gobierno Regional para identificar fuentes de financiamiento, priorizar las obras m\u00e1s urgentes y avanzar hacia una infraestructura aeroportuaria acorde con las necesidades actuales y futuras de Osorno y la provincia.<\/p>\n","protected":false},"excerpt":{"rendered":"<p>Los consejeros regionales conocieron en terreno las necesidades de corto, mediano y largo plazo del recinto aeroportuario, incluyendo la reposici\u00f3n de la pista, ampliaci\u00f3n de las<span class=\"excerpt-hellip\"> [\u2026]<\/span><\/p>\n","protected":false},"author":4,"featured_media":5246,"comment_status":"open","ping_status":"open","sticky":false,"template":"","format":"standard","meta":{"footnotes":""},"categories":[1],"tags":[],"class_list":["post-5245","post","type-post","status-publish","format-standard","has-post-thumbnail","hentry","category-uncategorized"],"_links":{"self":[{"href":"https:\/\/osornoenvivo.cl\/index.php?rest_route=\/wp\/v2\/posts\/5245","targetHints":{"allow":["GET"]}}],"collection":[{"href":"https:\/\/osornoenvivo.cl\/index.php?rest_route=\/wp\/v2\/posts"}],"about":[{"href":"https:\/\/osornoenvivo.cl\/index.php?rest_route=\/wp\/v2\/types\/post"}],"author":[{"embeddable":true,"href":"https:\/\/osornoenvivo.cl\/index.php?rest_route=\/wp\/v2\/users\/4"}],"replies":[{"embeddable":true,"href":"https:\/\/osornoenvivo.cl\/index.php?rest_route=%2Fwp%2Fv2%2Fcomments&post=5245"}],"version-history":[{"count":1,"href":"https:\/\/osornoenvivo.cl\/index.php?rest_route=\/wp\/v2\/posts\/5245\/revisions"}],"predecessor-version":[{"id":5247,"href":"https:\/\/osornoenvivo.cl\/index.php?rest_route=\/wp\/v2\/posts\/5245\/revisions\/5247"}],"wp:featuredmedia":[{"embeddable":true,"href":"https:\/\/osornoenvivo.cl\/index.php?rest_route=\/wp\/v2\/media\/5246"}],"wp:attachment":[{"href":"https:\/\/osornoenvivo.cl\/index.php?rest_route=%2Fwp%2Fv2%2Fmedia&parent=5245"}],"wp:term":[{"taxonomy":"category","embeddable":true,"href":"https:\/\/osornoenvivo.cl\/index.php?rest_route=%2Fwp%2Fv2%2Fcategories&post=5245"},{"taxonomy":"post_tag","embeddable":true,"href":"https:\/\/osornoenvivo.cl\/index.php?rest_route=%2Fwp%2Fv2%2Ftags&post=5245"}],"curies":[{"name":"wp","href":"https:\/\/api.w.org\/{rel}","templated":true}]}}