{"id":5248,"date":"2026-09-02T21:11:26","date_gmt":"2026-09-02T21:11:26","guid":{"rendered":"https:\/\/osornoenvivo.cl\/?p=5248"},"modified":"2026-09-02T21:11:26","modified_gmt":"2026-09-02T21:11:26","slug":"mas-de-600-personas-celebraron-los-33-anos-de-la-ulagos-en-osorno-al-ritmo-de-las-grandes-bandas-sonoras-del-cine","status":"publish","type":"post","link":"https:\/\/osornoenvivo.cl\/?p=5248","title":{"rendered":"M\u00e1s de 600 personas celebraron los 33 a\u00f1os de la ULagos en Osorno al ritmo de las grandes bandas sonoras del cine"},"content":{"rendered":"\n<p class=\"wp-block-paragraph\"><strong>La Orquesta y el Coro de la Universidad de Los Lagos protagonizaron el concierto \u201cFantas\u00edas de Ayer y Hoy\u201d, con una puesta en escena que combin\u00f3 m\u00fasica en vivo, proyecciones cinematogr\u00e1ficas e iluminaci\u00f3n para ofrecer una experiencia art\u00edstica de gran formato a la comunidad de Osorno.<\/strong><\/p>\n\n\n\n<p class=\"wp-block-paragraph\">M\u00e1s de 600 personas colmaron los salones del Hotel Sonesta de Osorno para participar del concierto aniversario Fantas\u00edas de Ayer y Hoy, presentado por la Universidad de Los Lagos en el marco de la celebraci\u00f3n de sus 33 a\u00f1os de vida institucional.<\/p>\n\n\n\n<p class=\"wp-block-paragraph\">La actividad reuni\u00f3 al rector de la Universidad de Los Lagos, \u00d3scar Garrido, integrantes del Consejo Superior, del Consejo Asesor Estrat\u00e9gico, acad\u00e9micos, funcionarios, estudiantes y numerosos integrantes de la comunidad de Osorno, quienes respondieron masivamente a la convocatoria para disfrutar de una propuesta art\u00edstica que tuvo como protagonistas a la Orquesta y el Coro ULagos, ambos elencos pertenecientes a la Academia de Arte y Cultura.<\/p>\n\n\n\n<p class=\"wp-block-paragraph\">La presentaci\u00f3n estuvo dirigida por Rodrigo D\u00edaz, director de la Orquesta ULagos, y Filomena Segovia, directora del Coro ULagos, quienes estuvieron al frente de una agrupaci\u00f3n de aproximadamente 80 int\u00e9rpretes en escena, dando vida a un repertorio dedicado a algunas de las bandas sonoras m\u00e1s reconocidas del cine universal.<\/p>\n\n\n\n<p class=\"wp-block-paragraph\">El concierto permiti\u00f3 recorrer distintos universos cinematogr\u00e1ficos a trav\u00e9s de la m\u00fasica, con interpretaciones de bandas sonoras como El Rey Le\u00f3n, Avengers e Indiana Jones, entre otras obras que forman parte del imaginario de distintas generaciones.<\/p>\n\n\n\n<p class=\"wp-block-paragraph\"><strong>Una experiencia audiovisual de gran formato<\/strong><\/p>\n\n\n\n<p class=\"wp-block-paragraph\">Uno de los principales atractivos de Fantas\u00edas de Ayer y Hoy fue la integraci\u00f3n de la m\u00fasica en vivo con una propuesta visual especialmente dise\u00f1ada para el concierto.<\/p>\n\n\n\n<p class=\"wp-block-paragraph\">Las proyecciones de fragmentos e im\u00e1genes de las pel\u00edculas, combinadas con un cuidadoso juego de iluminaci\u00f3n, acompa\u00f1aron las interpretaciones de la Orquesta y el Coro ULagos, generando distintas atm\u00f3sferas para cada una de las obras y ampliando la experiencia del p\u00fablico.<\/p>\n\n\n\n<p class=\"wp-block-paragraph\">La combinaci\u00f3n de estos elementos transform\u00f3 el escenario en un espacio donde la m\u00fasica, el cine y los recursos audiovisuales dialogaron permanentemente, logrando una puesta en escena que hizo vibrar y emocionar al p\u00fablico durante toda la presentaci\u00f3n.<\/p>\n\n\n\n<p class=\"wp-block-paragraph\">La respuesta de los asistentes confirm\u00f3 adem\u00e1s el amplio inter\u00e9s que existe por propuestas que acercan la m\u00fasica sinf\u00f3nica y coral a p\u00fablicos diversos, utilizando como punto de encuentro un repertorio ampliamente reconocido y vinculado a la memoria cinematogr\u00e1fica de varias generaciones.<\/p>\n\n\n\n<p class=\"wp-block-paragraph\"><strong>Una celebraci\u00f3n junto a la comunidad<\/strong><\/p>\n\n\n\n<p class=\"wp-block-paragraph\">El concierto fue tambi\u00e9n una expresi\u00f3n del compromiso de la Universidad de Los Lagos con su entorno y de su voluntad de celebrar sus 33 a\u00f1os junto a la comunidad regional.<\/p>\n\n\n\n<p class=\"wp-block-paragraph\">En este sentido, la presentaci\u00f3n en Osorno constituye una de las acciones con las que la instituci\u00f3n busca fortalecer su presencia territorial a trav\u00e9s de las artes y la cultura, poniendo a disposici\u00f3n de la comunidad el trabajo desarrollado por sus elencos art\u00edsticos.<\/p>\n\n\n\n<p class=\"wp-block-paragraph\">La directora de la&nbsp;<strong>Academia de Arte y Cultura<\/strong>,&nbsp;<strong>Gladys Moreno<\/strong>, destac\u00f3 la importancia de que una actividad institucional de esta magnitud pudiera desarrollarse junto a la comunidad y con la participaci\u00f3n de los propios elencos de la Universidad.<\/p>\n\n\n\n<p class=\"wp-block-paragraph\">La celebraci\u00f3n continuar\u00e1 ahora en&nbsp;<strong>Puerto Montt<\/strong>, donde&nbsp;<strong>Fantas\u00edas de Ayer y Hoy<\/strong>&nbsp;ser\u00e1 presentado el&nbsp;<strong>viernes 4 de septiembre<\/strong>, a las&nbsp;<strong>19:00 horas<\/strong>, en el&nbsp;<strong>Teatro Diego Rivera<\/strong>, llevando nuevamente al escenario la propuesta sinf\u00f3nico-coral que re\u00fane a la Orquesta y el Coro ULagos.<\/p>\n\n\n\n<p class=\"wp-block-paragraph\">De esta manera, la Universidad de Los Lagos contin\u00faa celebrando sus 33 a\u00f1os desde el territorio, compartiendo con sus comunidades una propuesta art\u00edstica que pone en valor el trabajo de sus elencos y el rol de la cultura como espacio de encuentro y vinculaci\u00f3n.<\/p>\n","protected":false},"excerpt":{"rendered":"<p>La Orquesta y el Coro de la Universidad de Los Lagos protagonizaron el concierto \u201cFantas\u00edas de Ayer y Hoy\u201d, con una puesta en escena que combin\u00f3<span class=\"excerpt-hellip\"> [\u2026]<\/span><\/p>\n","protected":false},"author":4,"featured_media":5249,"comment_status":"open","ping_status":"open","sticky":false,"template":"","format":"standard","meta":{"footnotes":""},"categories":[1],"tags":[],"class_list":["post-5248","post","type-post","status-publish","format-standard","has-post-thumbnail","hentry","category-uncategorized"],"_links":{"self":[{"href":"https:\/\/osornoenvivo.cl\/index.php?rest_route=\/wp\/v2\/posts\/5248","targetHints":{"allow":["GET"]}}],"collection":[{"href":"https:\/\/osornoenvivo.cl\/index.php?rest_route=\/wp\/v2\/posts"}],"about":[{"href":"https:\/\/osornoenvivo.cl\/index.php?rest_route=\/wp\/v2\/types\/post"}],"author":[{"embeddable":true,"href":"https:\/\/osornoenvivo.cl\/index.php?rest_route=\/wp\/v2\/users\/4"}],"replies":[{"embeddable":true,"href":"https:\/\/osornoenvivo.cl\/index.php?rest_route=%2Fwp%2Fv2%2Fcomments&post=5248"}],"version-history":[{"count":1,"href":"https:\/\/osornoenvivo.cl\/index.php?rest_route=\/wp\/v2\/posts\/5248\/revisions"}],"predecessor-version":[{"id":5250,"href":"https:\/\/osornoenvivo.cl\/index.php?rest_route=\/wp\/v2\/posts\/5248\/revisions\/5250"}],"wp:featuredmedia":[{"embeddable":true,"href":"https:\/\/osornoenvivo.cl\/index.php?rest_route=\/wp\/v2\/media\/5249"}],"wp:attachment":[{"href":"https:\/\/osornoenvivo.cl\/index.php?rest_route=%2Fwp%2Fv2%2Fmedia&parent=5248"}],"wp:term":[{"taxonomy":"category","embeddable":true,"href":"https:\/\/osornoenvivo.cl\/index.php?rest_route=%2Fwp%2Fv2%2Fcategories&post=5248"},{"taxonomy":"post_tag","embeddable":true,"href":"https:\/\/osornoenvivo.cl\/index.php?rest_route=%2Fwp%2Fv2%2Ftags&post=5248"}],"curies":[{"name":"wp","href":"https:\/\/api.w.org\/{rel}","templated":true}]}}