{"id":5255,"date":"2026-09-02T21:25:48","date_gmt":"2026-09-02T21:25:48","guid":{"rendered":"https:\/\/osornoenvivo.cl\/?p=5255"},"modified":"2026-09-02T21:25:48","modified_gmt":"2026-09-02T21:25:48","slug":"joven-usuaria-del-programa-aft-pf-purranque-rio-negro-obtuvo-el-primer-premio-del-concurso-de-pintura-de-la-coordinadora-de-la-infancia-de-osorno","status":"publish","type":"post","link":"https:\/\/osornoenvivo.cl\/?p=5255","title":{"rendered":"Joven usuaria del Programa AFT PF Purranque R\u00edo Negro obtuvo el primer premio del concurso de pintura de la Coordinadora de la Infancia de Osorno"},"content":{"rendered":"\n<p class=\"wp-block-paragraph\">Una joven usuaria del Programa AFT PF Purranque R\u00edo Negro obtuvo el Primer Lugar en el Concurso Yo Pinto Mis Derechos (categor\u00eda 6 a 12 a\u00f1os), de la Coordinadora de la Infancia de Osorno.<\/p>\n\n\n\n<p class=\"wp-block-paragraph\">En el contexto de la celebraci\u00f3n del d\u00eda de la ni\u00f1ez, el d\u00eda viernes reci\u00e9n pasado, y tras votaci\u00f3n de un jurado especialista, se anunci\u00f3 la ganadora de este certamen que cada a\u00f1o realiza esta red, y en la que participan NNA de los diferentes programas de protecci\u00f3n existentes en la zona.<\/p>\n\n\n\n<p class=\"wp-block-paragraph\">Todo un orgullo para el equipo y el proyecto es este hecho, como sostuvo Natacha Ampuero, una de las gestoras territoriales del programa. \u201cLa Coordinadora engloba a todos los proyectos de la comuna, y en esta actividad de cada a\u00f1o, nuestra usuaria gan\u00f3 el primer lugar, obtuvo un premio y su dibujo fue expuesto hace unos d\u00edas en la Pinacoteca de Osorno, junto a otros trabajos. Ella gan\u00f3 entre m\u00e1s de 30 \u00f3 40 dibujos\u201d, cont\u00f3.<\/p>\n\n\n\n<p class=\"wp-block-paragraph\">Agreg\u00f3 que \u201cest\u00e1bamos comprometidos con ella en este concurso, participamos activamente, orientando a la familia. Adem\u00e1s, estas actividades vinculan a los ni\u00f1os con la red y como equipo estamos muy felices. Es un aporte para ella, que dibuja, pinta. Ella tiene 11 y es de la comuna de R\u00edo Negro\u201d, destac\u00f3.<\/p>\n\n\n\n<p class=\"wp-block-paragraph\">Tal como sostuvo la profesional del programa, la creaci\u00f3n de la adolescente de iniciales K.M hab\u00eda sido expuesta durante la semana en la Pinacoteca, junto a otros trabajos que concursaron. El dibujo, represent\u00f3 el derecho a jugar, con inspiraci\u00f3n en el personaje de 31 minutos, Calcet\u00edn con Rombos Man, f\u00e9rreo defensor de los derechos de la infancia.<\/p>\n","protected":false},"excerpt":{"rendered":"<p>Una joven usuaria del Programa AFT PF Purranque R\u00edo Negro obtuvo el Primer Lugar en el Concurso Yo Pinto Mis Derechos (categor\u00eda 6 a 12 a\u00f1os),<span class=\"excerpt-hellip\"> [\u2026]<\/span><\/p>\n","protected":false},"author":4,"featured_media":5256,"comment_status":"open","ping_status":"open","sticky":false,"template":"","format":"standard","meta":{"footnotes":""},"categories":[1],"tags":[],"class_list":["post-5255","post","type-post","status-publish","format-standard","has-post-thumbnail","hentry","category-uncategorized"],"_links":{"self":[{"href":"https:\/\/osornoenvivo.cl\/index.php?rest_route=\/wp\/v2\/posts\/5255","targetHints":{"allow":["GET"]}}],"collection":[{"href":"https:\/\/osornoenvivo.cl\/index.php?rest_route=\/wp\/v2\/posts"}],"about":[{"href":"https:\/\/osornoenvivo.cl\/index.php?rest_route=\/wp\/v2\/types\/post"}],"author":[{"embeddable":true,"href":"https:\/\/osornoenvivo.cl\/index.php?rest_route=\/wp\/v2\/users\/4"}],"replies":[{"embeddable":true,"href":"https:\/\/osornoenvivo.cl\/index.php?rest_route=%2Fwp%2Fv2%2Fcomments&post=5255"}],"version-history":[{"count":1,"href":"https:\/\/osornoenvivo.cl\/index.php?rest_route=\/wp\/v2\/posts\/5255\/revisions"}],"predecessor-version":[{"id":5257,"href":"https:\/\/osornoenvivo.cl\/index.php?rest_route=\/wp\/v2\/posts\/5255\/revisions\/5257"}],"wp:featuredmedia":[{"embeddable":true,"href":"https:\/\/osornoenvivo.cl\/index.php?rest_route=\/wp\/v2\/media\/5256"}],"wp:attachment":[{"href":"https:\/\/osornoenvivo.cl\/index.php?rest_route=%2Fwp%2Fv2%2Fmedia&parent=5255"}],"wp:term":[{"taxonomy":"category","embeddable":true,"href":"https:\/\/osornoenvivo.cl\/index.php?rest_route=%2Fwp%2Fv2%2Fcategories&post=5255"},{"taxonomy":"post_tag","embeddable":true,"href":"https:\/\/osornoenvivo.cl\/index.php?rest_route=%2Fwp%2Fv2%2Ftags&post=5255"}],"curies":[{"name":"wp","href":"https:\/\/api.w.org\/{rel}","templated":true}]}}