{"id":5258,"date":"2026-09-02T21:26:35","date_gmt":"2026-09-02T21:26:35","guid":{"rendered":"https:\/\/osornoenvivo.cl\/?p=5258"},"modified":"2026-09-02T21:26:36","modified_gmt":"2026-09-02T21:26:36","slug":"comision-de-infraestructura-del-core-inspecciona-avances-en-recuperacion-patrimonial-y-nuevos-hallazgos-arqueologicos-de-iglesias-de-maullin","status":"publish","type":"post","link":"https:\/\/osornoenvivo.cl\/?p=5258","title":{"rendered":"Comisi\u00f3n de Infraestructura del CORE inspecciona avances en recuperaci\u00f3n patrimonial y nuevos hallazgos arqueol\u00f3gicos de iglesias de Maull\u00edn"},"content":{"rendered":"\n<p class=\"wp-block-paragraph\">Una visita en terreno a la Iglesia Nuestra Se\u00f1ora del Rosario de Maull\u00edn y Nuestra Se\u00f1ora de la Candelaria de Carelmapu realizaron integrantes de la comisi\u00f3n de infraestructura del Consejo Regional de Los Lagos, para conocer el estado de conservaci\u00f3n de estos templos patrimoniales, revisar los trabajos de emergencia que actualmente se ejecutan y abordar los hallazgos arqueol\u00f3gicos registrados durante las obras.<\/p>\n\n\n\n<p class=\"wp-block-paragraph\">En la iglesia de Maull\u00edn, uno de los principales puntos de atenci\u00f3n fue el descubrimiento de osamentas humanas bajo el templo, hallazgos que, de acuerdo con los antecedentes entregados durante la visita, tendr\u00edan m\u00e1s de un siglo de antig\u00fcedad. Hasta ahora se han identificado 4 conjuntos de restos, aunque no se descarta que puedan aparecer nuevos hallazgos a medida que avancen los trabajos y se realicen nuevos levantamientos.<\/p>\n\n\n\n<p class=\"wp-block-paragraph\">Durante la visita, los consejeros pudieron conocer directamente el trabajo que se est\u00e1 realizando luego de los hallazgos arqueol\u00f3gicos realizados por un equipo especializado del Consejo de Monumentos Nacionales que desarrolla labores de rescate, estudio y documentaci\u00f3n correspondientes.<\/p>\n\n\n\n<p class=\"wp-block-paragraph\">El presidente de la Comisi\u00f3n de Infraestructura y Ordenamiento Territorial, Rodrigo Arismendi, destac\u00f3 especialmente la coordinaci\u00f3n que ha permitido compatibilizar las labores arqueol\u00f3gicas con la continuidad de las obras de emergencia. \u201cEstuvimos en terreno visitando la iglesia Nuestra Se\u00f1ora del Rosario de Maull\u00edn, una iglesia que tiene un enorme valor patrimonial, hist\u00f3rico y afectivo para toda la comunidad. Quisimos conocer directamente c\u00f3mo se estaban desarrollando las labores de emergencia y, particularmente, c\u00f3mo se estaba abordando el rescate arqueol\u00f3gico luego de los hallazgos\u201d, se\u00f1al\u00f3.<\/p>\n\n\n\n<p class=\"wp-block-paragraph\">Arismendi valor\u00f3 que, durante la jornada de la visita, 11 profesionales se encontraban trabajando en terreno, contempl\u00e1ndose adem\u00e1s la incorporaci\u00f3n de otros ocho especialistas para reforzar las labores de emergencia. \u201cQuiero destacar especialmente el trabajo que est\u00e1 realizando en equipo en terreno el Consejo de Monumentos, esto demuestra que frente a un hallazgo arqueol\u00f3gico no necesariamente hay que paralizar completamente una obra, en este caso, los equipos han podido continuar con las obras de emergencia mientras, de manera paralela, los arque\u00f3logos y antrop\u00f3logos desarrollan el rescate y estudio correspondiente\u201d, explic\u00f3.<\/p>\n\n\n\n<p class=\"wp-block-paragraph\">El consejero regional calific\u00f3 este mecanismo de coordinaci\u00f3n como una se\u00f1al positiva para la recuperaci\u00f3n de la iglesia, destacando que requiere de profesionales especializados, planificaci\u00f3n y una adecuada coordinaci\u00f3n entre los distintos organismos involucrados. \u201cEs una tremenda noticia que se puedan seguir realizando los trabajos. Frente a la existencia de hallazgos arqueol\u00f3gicos, el Consejo de Monumentos, a trav\u00e9s de sus profesionales, puede desarrollar su labor mientras las obras contin\u00faan. Claramente esto requiere coordinaci\u00f3n profesional especializada y una planificaci\u00f3n adecuada, que creo que en este caso se ha hecho muy bien\u201d, agreg\u00f3.<\/p>\n\n\n\n<p class=\"wp-block-paragraph\">La autoridad regional plante\u00f3 la necesidad de avanzar hacia una unidad t\u00e9cnica regional especializada en patrimonio, que permita acompa\u00f1ar y fortalecer este tipo de proyectos en la regi\u00f3n de Los Lagos. \u201cEspero que esto tambi\u00e9n lo podamos tomar como una medida para considerar una unidad t\u00e9cnica regional. Alguna vez levantamos esta propuesta en conjunto con la Direcci\u00f3n de Patrimonio Regional y ojal\u00e1 pueda ser considerada para futuras obras\u201d, sostuvo.<\/p>\n\n\n\n<p class=\"wp-block-paragraph\">En tanto, el consejero regional Luis Hern\u00e1ndez destac\u00f3 que los trabajos se est\u00e1n desarrollando bajo un formato de emergencia, lo que permite avanzar en las obras mientras se realizan los estudios asociados a los hallazgos arqueol\u00f3gicos. \u201cLo positivo es que se est\u00e1 trabajando bajo un formato de emergencia, lo que permite que los hallazgos no signifiquen la paralizaci\u00f3n de las obras. En este momento se est\u00e1n revisando los restos, realizando los levantamientos correspondientes y recopilando informaci\u00f3n, pero paralelamente tambi\u00e9n avanzan los trabajos de emergencia y las labores de la empresa constructora\u201d, explic\u00f3.<\/p>\n\n\n\n<p class=\"wp-block-paragraph\">El consejero agreg\u00f3 que actualmente se est\u00e1n ejecutando fundaciones destinadas a entregar una mayor estabilidad a la estructura. \u201cSe est\u00e1n realizando fundaciones que permitir\u00e1n darle firmeza de manera moment\u00e1nea a la estructura, para que pueda sostenerse durante m\u00e1s tiempo, mientras se logra sacar adelante el proyecto definitivo. Este es un detalle importante de destacar, porque en otras obras este tipo de hallazgos puede significar que los trabajos queden completamente paralizados. En este caso, eso no est\u00e1 ocurriendo y se est\u00e1 avanzando en ambas l\u00edneas de trabajo\u201d, sostuvo.<\/p>\n\n\n\n<p class=\"wp-block-paragraph\">Por su parte, el consejero regional Tito G\u00f3mez inform\u00f3 que el an\u00e1lisis y levantamiento se encuentran en desarrollo, \u201cconsult\u00e9 qu\u00e9 ocurre con ellos una vez que son retirados y clasificados, y la propia comunidad podr\u00eda solicitar que permanezcan en el mismo sector de la iglesia, obviamente bajo otro tipo de tratamiento\u201d, se\u00f1al\u00f3.<\/p>\n\n\n\n<p class=\"wp-block-paragraph\">G\u00f3mez explic\u00f3 que esta posibilidad responde tambi\u00e9n al v\u00ednculo hist\u00f3rico de los restos con la comunidad. \u201cMuchas personas de la comunidad piensan que, como fueron personas que formaron parte de esta comunidad y de esta sociedad, lo l\u00f3gico ser\u00eda que pudieran permanecer en el mismo lugar. Al parecer, se tratar\u00eda de respetar ese deseo, aunque todav\u00eda estamos hablando de una posibilidad, porque reci\u00e9n se est\u00e1n levantando y analizando los restos \u00f3seos\u201d, precis\u00f3.<\/p>\n\n\n\n<p class=\"wp-block-paragraph\">Los consejeros regionales de esta comisi\u00f3n valoraron el trabajo de la Municipalidad de Maull\u00edn desde el inicio del proceso, particularmente la decisi\u00f3n de disponer de un profesional dedicado al levantamiento de antecedentes y la recopilaci\u00f3n de documentaci\u00f3n necesaria para avanzar en la etapa de dise\u00f1o de conservaci\u00f3n de la iglesia.<\/p>\n\n\n\n<p class=\"wp-block-paragraph\">Este futuro dise\u00f1o permitir\u00e1 avanzar posteriormente hacia las obras de restauraci\u00f3n del templo, complementando las actuales intervenciones de emergencia y el proceso de rescate arqueol\u00f3gico que desarrolla el Consejo de Monumentos Nacionales.<\/p>\n","protected":false},"excerpt":{"rendered":"<p>Una visita en terreno a la Iglesia Nuestra Se\u00f1ora del Rosario de Maull\u00edn y Nuestra Se\u00f1ora de la Candelaria de Carelmapu realizaron integrantes de la comisi\u00f3n<span class=\"excerpt-hellip\"> [\u2026]<\/span><\/p>\n","protected":false},"author":4,"featured_media":5259,"comment_status":"open","ping_status":"open","sticky":false,"template":"","format":"standard","meta":{"footnotes":""},"categories":[1],"tags":[],"class_list":["post-5258","post","type-post","status-publish","format-standard","has-post-thumbnail","hentry","category-uncategorized"],"_links":{"self":[{"href":"https:\/\/osornoenvivo.cl\/index.php?rest_route=\/wp\/v2\/posts\/5258","targetHints":{"allow":["GET"]}}],"collection":[{"href":"https:\/\/osornoenvivo.cl\/index.php?rest_route=\/wp\/v2\/posts"}],"about":[{"href":"https:\/\/osornoenvivo.cl\/index.php?rest_route=\/wp\/v2\/types\/post"}],"author":[{"embeddable":true,"href":"https:\/\/osornoenvivo.cl\/index.php?rest_route=\/wp\/v2\/users\/4"}],"replies":[{"embeddable":true,"href":"https:\/\/osornoenvivo.cl\/index.php?rest_route=%2Fwp%2Fv2%2Fcomments&post=5258"}],"version-history":[{"count":1,"href":"https:\/\/osornoenvivo.cl\/index.php?rest_route=\/wp\/v2\/posts\/5258\/revisions"}],"predecessor-version":[{"id":5260,"href":"https:\/\/osornoenvivo.cl\/index.php?rest_route=\/wp\/v2\/posts\/5258\/revisions\/5260"}],"wp:featuredmedia":[{"embeddable":true,"href":"https:\/\/osornoenvivo.cl\/index.php?rest_route=\/wp\/v2\/media\/5259"}],"wp:attachment":[{"href":"https:\/\/osornoenvivo.cl\/index.php?rest_route=%2Fwp%2Fv2%2Fmedia&parent=5258"}],"wp:term":[{"taxonomy":"category","embeddable":true,"href":"https:\/\/osornoenvivo.cl\/index.php?rest_route=%2Fwp%2Fv2%2Fcategories&post=5258"},{"taxonomy":"post_tag","embeddable":true,"href":"https:\/\/osornoenvivo.cl\/index.php?rest_route=%2Fwp%2Fv2%2Ftags&post=5258"}],"curies":[{"name":"wp","href":"https:\/\/api.w.org\/{rel}","templated":true}]}}