{"id":5261,"date":"2026-09-02T21:27:08","date_gmt":"2026-09-02T21:27:08","guid":{"rendered":"https:\/\/osornoenvivo.cl\/?p=5261"},"modified":"2026-09-02T21:27:08","modified_gmt":"2026-09-02T21:27:08","slug":"direccion-de-vialidad-refuerza-despliegue-en-operativo-para-la-mantencion-de-rutas-en-el-sector-de-ayacara","status":"publish","type":"post","link":"https:\/\/osornoenvivo.cl\/?p=5261","title":{"rendered":"DIRECCI\u00d3N DE VIALIDAD REFUERZA DESPLIEGUE EN OPERATIVO PARA LA MANTENCI\u00d3N DE RUTAS EN EL SECTOR DE AYACARA"},"content":{"rendered":"\n<p class=\"wp-block-paragraph\">\u00b7 Las faenas de emergencia iniciadas ayer consideran el ingreso de 15 toneladas de asfalto en fr\u00edo para bacheo en Ayacara, y la reparaci\u00f3n estructural del puente Cau Cau.<\/p>\n\n\n\n<p class=\"wp-block-paragraph\">\u00b7 En paralelo, cuadrillas de Administraci\u00f3n Directa ejecutar\u00e1n bacheo preventivo en las rutas internacionales 231-CH (Futaleuf\u00fa) y 235-CH (Palena), adelant\u00e1ndose al inicio formal de los pr\u00f3ximos contratos globales.<\/p>\n\n\n\n<p class=\"wp-block-paragraph\">Chait\u00e9n, 02 de septiembre de 2026.- Con el objetivo de mejorar los est\u00e1ndares de seguridad vial y la conectividad de los habitantes de la Pen\u00ednsula de Comau, en la provincia de Palena, la Direcci\u00f3n de Vialidad inform\u00f3 el inicio de los trabajos en la Ruta W-813 en el sector de Ayacara.<\/p>\n\n\n\n<p class=\"wp-block-paragraph\">\u201cComo Ministerio de Obras P\u00fablicas estamos desplegando todos los recursos disponibles para responder de manera oportuna a las necesidades de conectividad de los vecinos de la provincia de Palena. Sabemos la importancia que tienen estas rutas para las comunidades y por eso hemos reforzado los equipos y las cuadrillas, no solo para atender las situaciones m\u00e1s urgentes, sino tambi\u00e9n para adelantarnos y realizar trabajos preventivos que permitan mejorar las condiciones de seguridad vial\u201d, manifest\u00f3 el seremi de Obras P\u00fablicas de Los Lagos, Jairo Quinteros Mayne.<\/p>\n\n\n\n<p class=\"wp-block-paragraph\">Por su parte, la Directora Regional de Vialidad en la regi\u00f3n de Los Lagos, Camila Rubilar, indic\u00f3 que \u201cqueremos dar tranquilidad a los vecinos que estos trabajos de bacheo se llevar\u00e1n a cabo en un plazo de 2 semanas aproximadamente, con personal especializado y equipo extra desde Puerto Montt, as\u00ed como tambi\u00e9n la reparaci\u00f3n del puente Cau Cau\u201d.<\/p>\n\n\n\n<p class=\"wp-block-paragraph\">Los trabajos del plan de bacheo y la reparaci\u00f3n del puente ser\u00e1n realizados de manera simult\u00e1nea en los sectores mencionados; en tanto que, adem\u00e1s de los ensanches y mejoras geom\u00e9tricas del tramo Huequi-Poyo, se reforzar\u00e1 la estabilizaci\u00f3n de la plataforma.<\/p>\n\n\n\n<p class=\"wp-block-paragraph\">Adicionalmente, durante esta semana y la pr\u00f3xima, las cuadrillas de Administraci\u00f3n Directa de Vialidad ejecutar\u00e1n faenas de bacheo en la Ruta 231-CH (Futaleuf\u00fa) y Ruta 235-CH (Palena), mientras comienza formalmente la conservaci\u00f3n global de ambos caminos.<\/p>\n\n\n\n<p class=\"wp-block-paragraph\">\u201cEn el caso de los bacheos, el d\u00eda de ayer y el de hoy, se est\u00e1 concretando el ingreso de un equipo de reparaci\u00f3n con 15 toneladas de asfalto en fr\u00edo, con el objetivo de que el trabajo en los caminos sea m\u00e1s eficiente\u201d, enfatiz\u00f3 la directora, quien agreg\u00f3 que \u201cen el caso del puente Cau Cau la reparaci\u00f3n estar\u00e1 a cargo de la cuadrilla de puentes de Vialidad Palena. De manera de garantizar las seguridad total de la estructura, estas faenas de reparaci\u00f3n tomar\u00e1n alrededor de un mes\u201d, sostuvo.<\/p>\n\n\n\n<p class=\"wp-block-paragraph\">El seremi del MOP, Jairo Quinteros, recalc\u00f3 finalmente que \u201cnuestro compromiso es seguir trabajando en terreno y de manera coordinada para mantener una conectividad segura y permanente para quienes viven y transitan por este territorio\u201d.<\/p>\n","protected":false},"excerpt":{"rendered":"<p>\u00b7 Las faenas de emergencia iniciadas ayer consideran el ingreso de 15 toneladas de asfalto en fr\u00edo para bacheo en Ayacara, y la reparaci\u00f3n estructural del<span class=\"excerpt-hellip\"> [\u2026]<\/span><\/p>\n","protected":false},"author":4,"featured_media":5262,"comment_status":"open","ping_status":"open","sticky":false,"template":"","format":"standard","meta":{"footnotes":""},"categories":[1],"tags":[],"class_list":["post-5261","post","type-post","status-publish","format-standard","has-post-thumbnail","hentry","category-uncategorized"],"_links":{"self":[{"href":"https:\/\/osornoenvivo.cl\/index.php?rest_route=\/wp\/v2\/posts\/5261","targetHints":{"allow":["GET"]}}],"collection":[{"href":"https:\/\/osornoenvivo.cl\/index.php?rest_route=\/wp\/v2\/posts"}],"about":[{"href":"https:\/\/osornoenvivo.cl\/index.php?rest_route=\/wp\/v2\/types\/post"}],"author":[{"embeddable":true,"href":"https:\/\/osornoenvivo.cl\/index.php?rest_route=\/wp\/v2\/users\/4"}],"replies":[{"embeddable":true,"href":"https:\/\/osornoenvivo.cl\/index.php?rest_route=%2Fwp%2Fv2%2Fcomments&post=5261"}],"version-history":[{"count":1,"href":"https:\/\/osornoenvivo.cl\/index.php?rest_route=\/wp\/v2\/posts\/5261\/revisions"}],"predecessor-version":[{"id":5263,"href":"https:\/\/osornoenvivo.cl\/index.php?rest_route=\/wp\/v2\/posts\/5261\/revisions\/5263"}],"wp:featuredmedia":[{"embeddable":true,"href":"https:\/\/osornoenvivo.cl\/index.php?rest_route=\/wp\/v2\/media\/5262"}],"wp:attachment":[{"href":"https:\/\/osornoenvivo.cl\/index.php?rest_route=%2Fwp%2Fv2%2Fmedia&parent=5261"}],"wp:term":[{"taxonomy":"category","embeddable":true,"href":"https:\/\/osornoenvivo.cl\/index.php?rest_route=%2Fwp%2Fv2%2Fcategories&post=5261"},{"taxonomy":"post_tag","embeddable":true,"href":"https:\/\/osornoenvivo.cl\/index.php?rest_route=%2Fwp%2Fv2%2Ftags&post=5261"}],"curies":[{"name":"wp","href":"https:\/\/api.w.org\/{rel}","templated":true}]}}