{"id":5265,"date":"2026-09-02T22:04:40","date_gmt":"2026-09-02T22:04:40","guid":{"rendered":"https:\/\/osornoenvivo.cl\/?p=5265"},"modified":"2026-09-02T22:04:40","modified_gmt":"2026-09-02T22:04:40","slug":"alex-vaskez-inicia-su-carrera-como-solista-con-el-lanzamiento-de-enfermo-de-amor","status":"publish","type":"post","link":"https:\/\/osornoenvivo.cl\/?p=5265","title":{"rendered":"Alex V\u00e1skez inicia su carrera como solista con el lanzamiento de \u00abenfermo de amor\u00bb"},"content":{"rendered":"\n<p class=\"wp-block-paragraph\"><em>El cantante iquique\u00f1o presenta su primera producci\u00f3n musical bajo el alero de Viva Music y apuesta por convertirse en una nueva voz de la cumbia chilena.<\/em><\/p>\n\n\n\n<p class=\"wp-block-paragraph\"><\/p>\n\n\n\n<p class=\"wp-block-paragraph\">-El cantante nacional Alex V\u00e1skez comienza hoy oficialmente una nueva etapa art\u00edstica como int\u00e9rprete solista con el lanzamiento de \u201cEnfermo de amor\u201d, su primera producci\u00f3n musical en esta fase de su carrera y un proyecto que busca conectar con el p\u00fablico a trav\u00e9s de la cumbia.<\/p>\n\n\n\n<p class=\"wp-block-paragraph\">Nacido en Iquique en el a\u00f1o 2000, Alex V\u00e1skez tiene actualmente 26 a\u00f1os y llega a este desaf\u00edo con una trayectoria marcada por la b\u00fasqueda de un sello propio y una amplia variedad de influencias musicales. Entre sus referentes se encuentran la salsa de Marc Anthony, la cumbia de Daniel Agostini, las baladas de Cristi\u00e1n Castro y el repertorio de agrupaciones legendarias como Los \u00c1ngeles Negros, Los Iracundos y Sonido Master.<\/p>\n\n\n\n<p class=\"wp-block-paragraph\">Antes de iniciar su proyecto solista, el artista tuvo pasos por agrupaciones chilenas como Tropikal Sound y Megapuesta, adem\u00e1s de participar en proyectos bolivianos como Los Capos y Explosi\u00f3n Cumbiera. Estas experiencias contribuyeron a fortalecer su formaci\u00f3n esc\u00e9nica y a consolidar su decisi\u00f3n de emprender un camino propio dentro de la m\u00fasica tropical.<\/p>\n\n\n\n<p class=\"wp-block-paragraph\">Su historia tambi\u00e9n incluye destacadas participaciones en televisi\u00f3n. En 2014, se present\u00f3 en el programa S\u00faper Estrellas, de Chilevisi\u00f3n, donde logr\u00f3 avanzar hasta la semifinal. Posteriormente, en 2023, particip\u00f3 en The Voice Chile, tambi\u00e9n emitido por CHV, competencia en la que obtuvo el tercer lugar.<\/p>\n\n\n\n<p class=\"wp-block-paragraph\">\u201cEnfermo de amor\u201d representa el punto de partida de una etapa que re\u00fane experiencia, influencias diversas y una clara vocaci\u00f3n por la m\u00fasica popular. Con este lanzamiento, Alex V\u00e1skez busca acercarse a nuevos p\u00fablicos y proyectarse como uno de los nombres emergentes de la cumbia chilena. Cabe se\u00f1alar que la canci\u00f3n \u201cEnfermo de amor\u201d pertenece en letra y m\u00fasica al autor, el peruano Estanis Mogoll\u00f3n creador de \u00e9xitos tropicales conocidos como \u201cTe vas\u201d, \u201cEl embrujo\u201d y \u201cEntre el odio y el amor\u201d, entre muchos otros.<\/p>\n\n\n\n<p class=\"wp-block-paragraph\">El estreno marca el comienzo de un proyecto que apuesta por combinar la identidad del artista con la energ\u00eda de la cumbia y la emoci\u00f3n de una canci\u00f3n pensada para quienes han vivido, cantado y bailado las historias del amor.<\/p>\n\n\n\n<p class=\"wp-block-paragraph\"><\/p>\n","protected":false},"excerpt":{"rendered":"<p>El cantante iquique\u00f1o presenta su primera producci\u00f3n musical bajo el alero de Viva Music y apuesta por convertirse en una nueva voz de la cumbia chilena.<span class=\"excerpt-hellip\"> [\u2026]<\/span><\/p>\n","protected":false},"author":4,"featured_media":5266,"comment_status":"open","ping_status":"open","sticky":false,"template":"","format":"standard","meta":{"footnotes":""},"categories":[1],"tags":[],"class_list":["post-5265","post","type-post","status-publish","format-standard","has-post-thumbnail","hentry","category-uncategorized"],"_links":{"self":[{"href":"https:\/\/osornoenvivo.cl\/index.php?rest_route=\/wp\/v2\/posts\/5265","targetHints":{"allow":["GET"]}}],"collection":[{"href":"https:\/\/osornoenvivo.cl\/index.php?rest_route=\/wp\/v2\/posts"}],"about":[{"href":"https:\/\/osornoenvivo.cl\/index.php?rest_route=\/wp\/v2\/types\/post"}],"author":[{"embeddable":true,"href":"https:\/\/osornoenvivo.cl\/index.php?rest_route=\/wp\/v2\/users\/4"}],"replies":[{"embeddable":true,"href":"https:\/\/osornoenvivo.cl\/index.php?rest_route=%2Fwp%2Fv2%2Fcomments&post=5265"}],"version-history":[{"count":1,"href":"https:\/\/osornoenvivo.cl\/index.php?rest_route=\/wp\/v2\/posts\/5265\/revisions"}],"predecessor-version":[{"id":5267,"href":"https:\/\/osornoenvivo.cl\/index.php?rest_route=\/wp\/v2\/posts\/5265\/revisions\/5267"}],"wp:featuredmedia":[{"embeddable":true,"href":"https:\/\/osornoenvivo.cl\/index.php?rest_route=\/wp\/v2\/media\/5266"}],"wp:attachment":[{"href":"https:\/\/osornoenvivo.cl\/index.php?rest_route=%2Fwp%2Fv2%2Fmedia&parent=5265"}],"wp:term":[{"taxonomy":"category","embeddable":true,"href":"https:\/\/osornoenvivo.cl\/index.php?rest_route=%2Fwp%2Fv2%2Fcategories&post=5265"},{"taxonomy":"post_tag","embeddable":true,"href":"https:\/\/osornoenvivo.cl\/index.php?rest_route=%2Fwp%2Fv2%2Ftags&post=5265"}],"curies":[{"name":"wp","href":"https:\/\/api.w.org\/{rel}","templated":true}]}}