{"id":5284,"date":"2026-09-03T21:38:22","date_gmt":"2026-09-03T21:38:22","guid":{"rendered":"https:\/\/osornoenvivo.cl\/?p=5284"},"modified":"2026-09-03T21:38:23","modified_gmt":"2026-09-03T21:38:23","slug":"conoce-variado-programa-mes-de-la-patria-en-osorno-2026","status":"publish","type":"post","link":"https:\/\/osornoenvivo.cl\/?p=5284","title":{"rendered":"CONOCE VARIADO PROGRAMA MES DE LA PATRIA EN OSORNO 2026"},"content":{"rendered":"\n<p class=\"wp-block-paragraph\">La actividad central ser\u00e1 en el Parque Chuyaca, los d\u00edas 19 \u2013 10 \u2013 20 de septiembre, lugar que estar\u00e1 dotado con juegos infantiles, comidas t\u00edpicas, artesan\u00edas, m\u00fasica en vivo y la tradicional competencia de cueca, entre otras atracciones. El ingreso al recinto Chuyaca ser\u00e1 totalmente liberado, con horario de 10:00 a 23:00 horas<\/p>\n\n\n\n<p class=\"wp-block-paragraph\">El alcalde Jaime Bertin explic\u00f3 que el aniversario de Chile se celebra todo el mes de septiembre, por ello se han preparado cerca de una veintena de eventos, en el \u00e1mbito de la cultura, acci\u00f3n social, desfiles, religiosos y deportivos.<\/p>\n\n\n\n<p class=\"wp-block-paragraph\">Para este 2026 la novedad de la cartelera es sin duda la corrida con obst\u00e1culos \u201cOsorno sin L\u00edmites\u201d, la celebraci\u00f3n de juegos t\u00edpicos de feria rememorando las fiestas patrias de anta\u00f1o en el marco de la actividad \u201cSeptiembre en tu Plaza\u201d y el esperado retorno de la \u201cCarrera de Garzones\u201d, que se realizar\u00e1 finalizada la Parada Militar el jueves 17.<\/p>\n\n\n\n<p class=\"wp-block-paragraph\">Desde el municipio se inform\u00f3 que el programa con las actividades del mes de la Patria es financiado con fondos de la casa edilicia, destin\u00e1ndose este a\u00f1o 2026 alrededor de 100 millones de pesos, para la adquisici\u00f3n de todos los requerimientos propios a cada una de las actividades orientadas con cari\u00f1o a la comunidad<\/p>\n\n\n\n<p class=\"wp-block-paragraph\"><\/p>\n\n\n\n<p class=\"wp-block-paragraph\">DETALLE PROGRAMA FIESTAS PATRIAS OSORNO 2026<\/p>\n\n\n\n<p class=\"wp-block-paragraph\">VIERNES 04 DE SEPTIEMBRE DEL 2026:<\/p>\n\n\n\n<p class=\"wp-block-paragraph\">IZAMIENTO PABELL\u00d3N NACIONAL<\/p>\n\n\n\n<p class=\"wp-block-paragraph\">DESTACAMENTO DE MONTA\u00d1A N\u00b09 ARAUCO<\/p>\n\n\n\n<p class=\"wp-block-paragraph\">\u00fc LUGAR: PLAZA DE ARMAS, POR CALLE O\u2019HIGGINS.<\/p>\n\n\n\n<p class=\"wp-block-paragraph\">\u00fc HORARIO: 9:00 HORAS.<\/p>\n\n\n\n<p class=\"wp-block-paragraph\">S\u00c1BADO 05 DE SEPTIEMBRE DEL 2026:<\/p>\n\n\n\n<p class=\"wp-block-paragraph\">CORRIDA CON OBST\u00c1CULOS \u201cOSORNO SIN L\u00cdMITES\u201d<\/p>\n\n\n\n<p class=\"wp-block-paragraph\">ORGANIZADA POR EL MUNCIIPIO CON EL APOYO DEL DESTACAMENTO N\u00b09 ARAUCO<\/p>\n\n\n\n<p class=\"wp-block-paragraph\">\u00fc LUGAR: RECINTO DESTACAMENTO DE MONTA\u00d1A N\u00b09 ARAUCO, CA\u00d1AL BAJO.<\/p>\n\n\n\n<p class=\"wp-block-paragraph\">\u00fc HORARIO: 11:30 HORAS.<\/p>\n\n\n\n<p class=\"wp-block-paragraph\">DOMINGO 06 DE SEPTIEMBRE DEL 2026:<\/p>\n\n\n\n<p class=\"wp-block-paragraph\">MISA A LA CHILENA<\/p>\n\n\n\n<p class=\"wp-block-paragraph\">\u00fc LUGAR: CATEDRAL SAN MATEO.<\/p>\n\n\n\n<p class=\"wp-block-paragraph\">\u00fc HORARIO: 11:00 HORAS.<\/p>\n\n\n\n<p class=\"wp-block-paragraph\">DOMINGO 06 DE SEPTIEMBRE DEL 2026:<\/p>\n\n\n\n<p class=\"wp-block-paragraph\">DESFILE DE CONJUNTOS FOLCL\u00d3RICOS<\/p>\n\n\n\n<p class=\"wp-block-paragraph\">\u00fc LUGAR: CALLE M.A. MATTA, ENTRE MACKENNA Y RAM\u00cdREZ.<\/p>\n\n\n\n<p class=\"wp-block-paragraph\">\u00fc HORARIO: 13:00 HORAS.<\/p>\n\n\n\n<p class=\"wp-block-paragraph\">LUNES 07 DE SEPTIEMBRE DEL 2026:<\/p>\n\n\n\n<p class=\"wp-block-paragraph\">GALA FOLCL\u00d3RICA CENTRO DIURNO DEL ADULTO MAYOR OSORNO<\/p>\n\n\n\n<p class=\"wp-block-paragraph\">\u00fc LUGAR: AUDIT\u00d3RIUM CENTRO DE ATENCI\u00d3N AL VECINO.<\/p>\n\n\n\n<p class=\"wp-block-paragraph\">\u00fc HORARIO: 15:30 HORAS.<\/p>\n\n\n\n<p class=\"wp-block-paragraph\">LUNES 07 DE SEPTIEMBRE DEL 2026:<\/p>\n\n\n\n<p class=\"wp-block-paragraph\">TEDEUM EVANG\u00c9LICO<\/p>\n\n\n\n<p class=\"wp-block-paragraph\">ORACI\u00d3N POR LA PATRIA Y LAS AUTORIDADES<\/p>\n\n\n\n<p class=\"wp-block-paragraph\">\u00fc LUGAR: TEMPLO CCR, AVENIDA NUEVA MACKENNA #671.<\/p>\n\n\n\n<p class=\"wp-block-paragraph\">\u00fc HORARIO: 20:00 HORAS.<\/p>\n\n\n\n<p class=\"wp-block-paragraph\">MARTES 08 DE SEPTIEMBRE DEL 2026:<\/p>\n\n\n\n<p class=\"wp-block-paragraph\">VISITA SOCIAL ALBERGUE MUNICIPAL \u201cPROTEGE\u201d<\/p>\n\n\n\n<p class=\"wp-block-paragraph\">\u00fc LUGAR: RECINTO DE AV. C\u00c9SAR ERCILLA #1430.<\/p>\n\n\n\n<p class=\"wp-block-paragraph\">\u00fc HORARIO: 12:30 HORAS.<\/p>\n\n\n\n<p class=\"wp-block-paragraph\">MI\u00c9RCOLES 09 DE SEPTIEMBRE DEL 2026:<\/p>\n\n\n\n<p class=\"wp-block-paragraph\">ACCI\u00d3N SOCIAL CENTRO DE CUMPLIMIENTO PENITENCIARIO OSORNO<\/p>\n\n\n\n<p class=\"wp-block-paragraph\">\u00fc LUGAR: RECINTO DE CALLE AMTHAUER #1399.<\/p>\n\n\n\n<p class=\"wp-block-paragraph\">\u00fc HORARIO: DESDE LAS 11:00 HORAS.<\/p>\n\n\n\n<p class=\"wp-block-paragraph\">JUEVES 10 DE SEPTIEMBRE DEL 2026:<\/p>\n\n\n\n<p class=\"wp-block-paragraph\">VISITA A ESTABLECIMIENTOS DE LARGA ESTAD\u00cdA &#8211; ELEAM<\/p>\n\n\n\n<p class=\"wp-block-paragraph\">\u00fc FUNDACI\u00d3N LAS ROSAS &#8211; HOGAR ALEM\u00c1N \u2013 BETSAIDA.<\/p>\n\n\n\n<p class=\"wp-block-paragraph\">\u00fc HORARIO: DESDE LAS 15:00 HORAS.<\/p>\n\n\n\n<p class=\"wp-block-paragraph\">VIERNES 11 DE SEPTIEMBRE DEL 2026:<\/p>\n\n\n\n<p class=\"wp-block-paragraph\">VISITA COMEDOR ABIERTO \u201cPARROQUIA SAN LEOPOLDO MANDIC\u201d<\/p>\n\n\n\n<p class=\"wp-block-paragraph\">\u00fc LUGAR: POBLACI\u00d3N LAS VEGAS.<\/p>\n\n\n\n<p class=\"wp-block-paragraph\">\u00fc HORARIO: 12:30 HORAS.<\/p>\n\n\n\n<p class=\"wp-block-paragraph\">VISITA COMEDOR ABIERTO \u201cOLLA SOLIDARIA SANTA MAR\u00cdA JOSEFA\u201d<\/p>\n\n\n\n<p class=\"wp-block-paragraph\">\u00fc LUGAR: POBLACI\u00d3N V CENTENARIO.<\/p>\n\n\n\n<p class=\"wp-block-paragraph\">\u00fc HORARIO: 16:00 HORAS.<\/p>\n\n\n\n<p class=\"wp-block-paragraph\">S\u00c1BADO 12 DE SEPTIEMBRE DEL 2026:<\/p>\n\n\n\n<p class=\"wp-block-paragraph\">DESFILE DE GRUPOS DE SCOUT<\/p>\n\n\n\n<p class=\"wp-block-paragraph\">\u00fc LUGAR: POR AV. MACKENNA, ENTRE MATTA Y O\u2019HIGGINS.<\/p>\n\n\n\n<p class=\"wp-block-paragraph\">\u00fc HORARIO: 12:00 HORAS.<\/p>\n\n\n\n<p class=\"wp-block-paragraph\">S\u00c1BADO 12 DE SEPTIEMBRE DEL 2025:<\/p>\n\n\n\n<p class=\"wp-block-paragraph\">CARNAVAL FOLCL\u00d3RICO BARRIO LYNCH.<\/p>\n\n\n\n<p class=\"wp-block-paragraph\">\u00fc LUGAR: DESDE CRUCE LYNCH A PLAZA YUNGAY.<\/p>\n\n\n\n<p class=\"wp-block-paragraph\">\u00fc HORARIO: DESDE LAS 10:00 HORAS.<\/p>\n\n\n\n<p class=\"wp-block-paragraph\">S\u00c1BADO 12 Y DOMINGO 13 DE SEPTIEMBRE DEL 2026:<\/p>\n\n\n\n<p class=\"wp-block-paragraph\">CELEBRACI\u00d3N \u201cSEPTIEMBRE EN TU PLAZA\u201d<\/p>\n\n\n\n<p class=\"wp-block-paragraph\">EMPRENDEDORES &#8211; JUEGOS DIECIOCHEROS &#8211; MUSICA EN VIVO<\/p>\n\n\n\n<p class=\"wp-block-paragraph\">\u00fc LUGAR: PLAZA DE ARMAS, POR CALLE O\u2019HIGGINS.<\/p>\n\n\n\n<p class=\"wp-block-paragraph\">\u00fc HORARIO: 12:00 A 21:00 HORAS.<\/p>\n\n\n\n<p class=\"wp-block-paragraph\">DOMINGO 13 DE SEPTIEMBRE DEL 2026:<\/p>\n\n\n\n<p class=\"wp-block-paragraph\">VISITA SOCIAL A PACIENTES DIALIZADOS Y TRANSPLANTADOS<\/p>\n\n\n\n<p class=\"wp-block-paragraph\">\u00fc LUGAR: CENTRO COMUNITARIO ASODIATRANS, AV. C\u00c9SAR ERCILLA #255.<\/p>\n\n\n\n<p class=\"wp-block-paragraph\">\u00fc HORARIO: 14:30 HORAS.<\/p>\n\n\n\n<p class=\"wp-block-paragraph\">DOMINGO 13 DE SEPTIEMBRE DEL 2026:<\/p>\n\n\n\n<p class=\"wp-block-paragraph\">CAMPEONATO RURAL DE CUECAS.<\/p>\n\n\n\n<p class=\"wp-block-paragraph\">\u00fc LUGAR: GIMNASIO LICEO ELEUTERIO RAM\u00cdREZ.<\/p>\n\n\n\n<p class=\"wp-block-paragraph\">\u00fc HORARIO: DESDE LAS 14:00 HORAS.<\/p>\n\n\n\n<p class=\"wp-block-paragraph\">JUEVES 17 DE SEPTIEMBRE DEL 2026:<\/p>\n\n\n\n<p class=\"wp-block-paragraph\">TEDEUM ECUM\u00c9NICO DE FIESTAS PATRIAS<\/p>\n\n\n\n<p class=\"wp-block-paragraph\">\u00fc LUGAR: CATEDRAL SAN MATEO.<\/p>\n\n\n\n<p class=\"wp-block-paragraph\">\u00fc HORARIO: 9:45 HORAS.<\/p>\n\n\n\n<p class=\"wp-block-paragraph\">JUEVES 17 DE SEPTIEMBRE DEL 2026:<\/p>\n\n\n\n<p class=\"wp-block-paragraph\">PARADA MILITAR<\/p>\n\n\n\n<p class=\"wp-block-paragraph\">\u00fc LUGAR: POR CALLE BERNARDO O\u2019HIGGINS.<\/p>\n\n\n\n<p class=\"wp-block-paragraph\">\u00fc HORARIO: 11:00 HORAS.<\/p>\n\n\n\n<p class=\"wp-block-paragraph\">JUEVES 17 DE SEPTIEMBRE DEL 2026:<\/p>\n\n\n\n<p class=\"wp-block-paragraph\">CARRERA DE GARZONES Y BARTENDER<\/p>\n\n\n\n<p class=\"wp-block-paragraph\">\u00fc LUGAR: PLAZA DE ARMAS &#8211; FRONTIS MUNICIPALIDAD DE OSORNO.<\/p>\n\n\n\n<p class=\"wp-block-paragraph\">\u00fc HORARIO: 14:00 HORAS.<\/p>\n\n\n\n<p class=\"wp-block-paragraph\">\u00fc FINALIZADA LA PARADA MILITAR.<\/p>\n\n\n\n<p class=\"wp-block-paragraph\">VIERNES 25 DE SEPTIEMBRE DEL 2026:<\/p>\n\n\n\n<p class=\"wp-block-paragraph\">PRESENTACI\u00d3N BANDA DESTACAMENTO DE MONTA\u00d1A N\u00b09 ARAUCO<\/p>\n\n\n\n<p class=\"wp-block-paragraph\">\u00fc LUGAR: TEATRO MUNICIPAL DE OSORNO.<\/p>\n\n\n\n<p class=\"wp-block-paragraph\">\u00fc HORARIO: 19:30 HORAS.<\/p>\n\n\n\n<p class=\"wp-block-paragraph\">CELEBRACI\u00d3N CENTRAL DE FIESTAS PATRIAS 2026<\/p>\n\n\n\n<p class=\"wp-block-paragraph\">18 \u2013 19 \u2013 20 de septiembre 2026<\/p>\n\n\n\n<p class=\"wp-block-paragraph\">INGRESO LIBERADO<\/p>\n\n\n\n<p class=\"wp-block-paragraph\">VIERNES 18 S\u00c1BADO 19 DE SEPTIEMBRE 2026<\/p>\n\n\n\n<p class=\"wp-block-paragraph\">&#8211; Apertura parque: 10:00 horas.<\/p>\n\n\n\n<p class=\"wp-block-paragraph\">&#8211; Cierre Parque Chuyaca: 23:00 horas.<\/p>\n\n\n\n<p class=\"wp-block-paragraph\">DOMINGO 20 DE SEPTIEMBRE 2026<\/p>\n\n\n\n<p class=\"wp-block-paragraph\">&#8211; Apertura parque: 10:00 horas.<\/p>\n\n\n\n<p class=\"wp-block-paragraph\">&#8211; Cierre Parque Chuyaca: 20:00 horas.<\/p>\n\n\n\n<p class=\"wp-block-paragraph\">SHOW MUSICAL CENTRAL:<\/p>\n\n\n\n<p class=\"wp-block-paragraph\">VIERNES 18 DE SEPTIEMBRE: DESDE LAS 19:00 HORAS.<\/p>\n\n\n\n<p class=\"wp-block-paragraph\">\u00fc CONJUNTO FOLCL\u00d3RICO ALMENDRAL.<\/p>\n\n\n\n<p class=\"wp-block-paragraph\">\u00fc KARINA SCHELL, ARTISTA LOCAL.<\/p>\n\n\n\n<p class=\"wp-block-paragraph\">\u00fc WENA ENERG\u00cdA, CUMBIA RANCHERA.<\/p>\n\n\n\n<p class=\"wp-block-paragraph\">S\u00c1BADO 19 DE SEPTIEMBRE: DESDE LAS 19:00 HORAS.<\/p>\n\n\n\n<p class=\"wp-block-paragraph\">\u00fc CLUB DE CUECA Y FOLCLORE OSORNO<\/p>\n\n\n\n<p class=\"wp-block-paragraph\">\u00fc CAMILO FUENTES, ARTISTA LOCAL.<\/p>\n\n\n\n<p class=\"wp-block-paragraph\">\u00fc D\u00daO ILUSI\u00d3N, CUMBIA RANCHERA.<\/p>\n\n\n\n<p class=\"wp-block-paragraph\">VIERNES 18 Y S\u00c1BADO 19 DE SEPTIEMBRE 2026:<\/p>\n\n\n\n<p class=\"wp-block-paragraph\">TRADICIONAL CONCURSO DE CUECA<\/p>\n\n\n\n<p class=\"wp-block-paragraph\">\u00fc HORARIO: DESDE LAS 14:00 HORAS.<\/p>\n\n\n\n<p class=\"wp-block-paragraph\">\u00fc LUGAR: ESCENARIO CENTRAL CHUYACA.<\/p>\n\n\n\n<p class=\"wp-block-paragraph\">DOMINGO 20 DE SEPTIEMBRE 2026:<\/p>\n\n\n\n<p class=\"wp-block-paragraph\">JUEGOS POPULARES<\/p>\n\n\n\n<p class=\"wp-block-paragraph\">\u00fc HORARIO: DESDE LAS 15:00 HORAS.<\/p>\n\n\n\n<p class=\"wp-block-paragraph\">\u00fc LUGAR: EXPLANADA PRINCIPAL CHUYACA.<\/p>\n\n\n\n<p class=\"wp-block-paragraph\"><\/p>\n","protected":false},"excerpt":{"rendered":"<p>La actividad central ser\u00e1 en el Parque Chuyaca, los d\u00edas 19 \u2013 10 \u2013 20 de septiembre, lugar que estar\u00e1 dotado con juegos infantiles, comidas t\u00edpicas,<span class=\"excerpt-hellip\"> [\u2026]<\/span><\/p>\n","protected":false},"author":4,"featured_media":5285,"comment_status":"open","ping_status":"open","sticky":false,"template":"","format":"standard","meta":{"footnotes":""},"categories":[63],"tags":[],"class_list":["post-5284","post","type-post","status-publish","format-standard","has-post-thumbnail","hentry","category-provincia-de-osorno"],"_links":{"self":[{"href":"https:\/\/osornoenvivo.cl\/index.php?rest_route=\/wp\/v2\/posts\/5284","targetHints":{"allow":["GET"]}}],"collection":[{"href":"https:\/\/osornoenvivo.cl\/index.php?rest_route=\/wp\/v2\/posts"}],"about":[{"href":"https:\/\/osornoenvivo.cl\/index.php?rest_route=\/wp\/v2\/types\/post"}],"author":[{"embeddable":true,"href":"https:\/\/osornoenvivo.cl\/index.php?rest_route=\/wp\/v2\/users\/4"}],"replies":[{"embeddable":true,"href":"https:\/\/osornoenvivo.cl\/index.php?rest_route=%2Fwp%2Fv2%2Fcomments&post=5284"}],"version-history":[{"count":1,"href":"https:\/\/osornoenvivo.cl\/index.php?rest_route=\/wp\/v2\/posts\/5284\/revisions"}],"predecessor-version":[{"id":5286,"href":"https:\/\/osornoenvivo.cl\/index.php?rest_route=\/wp\/v2\/posts\/5284\/revisions\/5286"}],"wp:featuredmedia":[{"embeddable":true,"href":"https:\/\/osornoenvivo.cl\/index.php?rest_route=\/wp\/v2\/media\/5285"}],"wp:attachment":[{"href":"https:\/\/osornoenvivo.cl\/index.php?rest_route=%2Fwp%2Fv2%2Fmedia&parent=5284"}],"wp:term":[{"taxonomy":"category","embeddable":true,"href":"https:\/\/osornoenvivo.cl\/index.php?rest_route=%2Fwp%2Fv2%2Fcategories&post=5284"},{"taxonomy":"post_tag","embeddable":true,"href":"https:\/\/osornoenvivo.cl\/index.php?rest_route=%2Fwp%2Fv2%2Ftags&post=5284"}],"curies":[{"name":"wp","href":"https:\/\/api.w.org\/{rel}","templated":true}]}}