{"id":5287,"date":"2026-09-03T21:46:54","date_gmt":"2026-09-03T21:46:54","guid":{"rendered":"https:\/\/osornoenvivo.cl\/?p=5287"},"modified":"2026-09-03T21:46:54","modified_gmt":"2026-09-03T21:46:54","slug":"bibliotecaria-de-la-union-entre-solo-dos-chilenas-seleccionadas-para-pasantia-internacional-en-medellin-capital-mundial-del-libro-2027","status":"publish","type":"post","link":"https:\/\/osornoenvivo.cl\/?p=5287","title":{"rendered":"Bibliotecaria de La Uni\u00f3n, entre solo dos chilenas seleccionadas para pasant\u00eda internacional en Medell\u00edn, Capital Mundial del Libro 2027."},"content":{"rendered":"\n<p class=\"wp-block-paragraph\"><strong>Karyn Mart\u00ednez Delgado, funcionaria de la Biblioteca Municipal D291 con 12 a\u00f1os de trayectoria ininterrumpida, participar\u00e1 en noviembre de la 8\u00aa Pasant\u00eda Internacional de Iberbibliotecas, tras superar un proceso que reuni\u00f3 a 180 postulaciones de toda la regi\u00f3n iberoamericana.<\/strong><\/p>\n\n\n\n<p class=\"wp-block-paragraph\">La Municipalidad de La Uni\u00f3n anunci\u00f3 con orgullo que Karyn Mart\u00ednez Delgado, funcionaria de la Biblioteca Municipal D291 La Uni\u00f3n \u2014dependiente de la Direcci\u00f3n de Extensi\u00f3n Cultural y Turismo\u2014 fue seleccionada como una de las 22 personas que representar\u00e1n a la regi\u00f3n en la 8\u00aa Pasant\u00eda Internacional de Iberbibliotecas, \u00abMedell\u00edn, ciudad biblioteca: testimonios vivos de transformaci\u00f3n social\u00bb, que se realizar\u00e1 en Medell\u00edn, Colombia, entre el 9 y el 13 de noviembre de 2026.<\/p>\n\n\n\n<p class=\"wp-block-paragraph\">Se trata de un hito para la regi\u00f3n de Los R\u00edos y para el pa\u00eds: de las 22 personas seleccionadas a nivel nacional e internacional, solo dos son chilenas, siendo la representante de La Uni\u00f3n, la \u00fanica persona de la regi\u00f3n de Los R\u00edos en esta versi\u00f3n del programa. La acompa\u00f1a, a nivel nacional, Denis Ignacio Rodr\u00edguez Salas, de Bibliokiosko Villa Ol\u00edmpica.<\/p>\n\n\n\n<p class=\"wp-block-paragraph\">La convocatoria, abierta durante julio por el Programa Iberoamericano de Bibliotecas P\u00fablicas (Iberbibliotecas), recibi\u00f3 180 postulaciones de personas que trabajan en bibliotecas p\u00fablicas y comunitarias de los pa\u00edses y ciudades miembro, de las cuales solo 22 fueron seleccionadas. La cifra da cuenta de la exigencia y el prestigio de esta instancia de formaci\u00f3n, orientada a fortalecer las competencias profesionales, la comunicaci\u00f3n y la colaboraci\u00f3n entre quienes trabajan en bibliotecas iberoamericanas.<\/p>\n\n\n\n<p class=\"wp-block-paragraph\">Karyn Mart\u00ednez Delgado lleva 12 a\u00f1os de labor ininterrumpida en la Biblioteca de La Uni\u00f3n, donde orienta y recibe a diario a los lectores que llegan hasta este espacio y desarrolla diversas actividades para el fomento del libro y la lectura, tareas que \u2014destaca el municipio\u2014 realiza con dedicaci\u00f3n y responsabilidad.<\/p>\n\n\n\n<p class=\"wp-block-paragraph\">La pasant\u00eda propone una inmersi\u00f3n en el Sistema de Bibliotecas P\u00fablicas de Medell\u00edn, en el marco de la celebraci\u00f3n de sus 20 a\u00f1os, que coincide con el aniversario de la Fiesta del Libro y la Cultura. A ello se suma que la UNESCO acaba de designar a Medell\u00edn como Capital Mundial del Libro 2027, lo que convierte a esta versi\u00f3n en una oportunidad especial para conocer experiencias donde la cultura ha resignificado territorios y para reflexionar sobre el impacto social de las bibliotecas, evidenciado en estudios que muestran que por cada peso invertido se generan m\u00e1s de siete veces su valor en beneficios sociales.<\/p>\n\n\n\n<p class=\"wp-block-paragraph\">Esta postulaci\u00f3n cont\u00f3 con el apoyo y la asesor\u00eda de la Coordinaci\u00f3n Regional de Bibliotecas P\u00fablicas, que de manera permanente incentiva y colabora con la Municipalidad de La Uni\u00f3n como respaldo t\u00e9cnico de la biblioteca.<\/p>\n\n\n\n<p class=\"wp-block-paragraph\">Para el municipio, este logro reafirma el trabajo sostenido que se realiza en materia de fomento a la lectura y pone en valor la labor de quienes, d\u00eda a d\u00eda, hacen de la Biblioteca Municipal un espacio vivo para la comunidad.<\/p>\n\n\n\n<p class=\"wp-block-paragraph\">Este logro, demuestra el trabajo que realiza el municipio en el fomento a la lectura, siendo un punto de inflexi\u00f3n y que, a juicio del alcalde Saturnino Quezada Sol\u00eds, es una muestra suficiente para demostrar la necesidad de una gran Biblioteca P\u00fablica en la Uni\u00f3n, proyecto que se enmarca en la recuperaci\u00f3n de la Casa Duhalde \u201cSolo me queda felicitar a la funcionaria Karyn Mart\u00ednez quien se desempe\u00f1a en nuestra biblioteca municipal por 12 a\u00f1os que se acaba de ganar un viaje (pasant\u00eda) a Medell\u00edn Colombia sobre bibliotecarias eso se agradece por el desempe\u00f1o por el trabajo que ella ha tenido. Y tambi\u00e9n demuestra la necesidad que tenemos en instalar lo antes posible una biblioteca m\u00e1s grande ac\u00e1 en la ciudad de La Uni\u00f3n, capital provincial del Ranco y para eso estamos trabajando para levantar en forma definitiva la casa dual de como patrimonio local (proyecto que buscar\u00e1 financiamiento al Gobierno Regional), as\u00ed que nuevamente solo felicitar a la funcionaria Karyn Mart\u00ednez\u201d finaliz\u00f3 el jefe comunal.<br>Aviso de Confidencialidad y Privacidad<br>Este mensaje y, en su caso, cualquier archivo anexo al mismo, contiene informaci\u00f3n confidencial y privilegiada destinada exclusivamente a la persona o entidad a quien va dirigido. De conformidad con las leyes vigentes en materia de Protecci\u00f3n de Datos Personales y Ciberseguridad, se proh\u00edbe cualquier divulgaci\u00f3n, copia, distribuci\u00f3n o uso no autorizado de su contenido.<br>Si usted ha recibido este correo por error, por favor notifique de inmediato al remitente y proceda a su eliminaci\u00f3n definitiva de todos sus sistemas para prevenir incidentes de seguridad. El uso indebido de esta informaci\u00f3n puede dar lugar a responsabilidades legales<\/p>\n","protected":false},"excerpt":{"rendered":"<p>Karyn Mart\u00ednez Delgado, funcionaria de la Biblioteca Municipal D291 con 12 a\u00f1os de trayectoria ininterrumpida, participar\u00e1 en noviembre de la 8\u00aa Pasant\u00eda Internacional de Iberbibliotecas, tras<span class=\"excerpt-hellip\"> [\u2026]<\/span><\/p>\n","protected":false},"author":4,"featured_media":5288,"comment_status":"open","ping_status":"open","sticky":false,"template":"","format":"standard","meta":{"footnotes":""},"categories":[10],"tags":[],"class_list":["post-5287","post","type-post","status-publish","format-standard","has-post-thumbnail","hentry","category-noticias"],"_links":{"self":[{"href":"https:\/\/osornoenvivo.cl\/index.php?rest_route=\/wp\/v2\/posts\/5287","targetHints":{"allow":["GET"]}}],"collection":[{"href":"https:\/\/osornoenvivo.cl\/index.php?rest_route=\/wp\/v2\/posts"}],"about":[{"href":"https:\/\/osornoenvivo.cl\/index.php?rest_route=\/wp\/v2\/types\/post"}],"author":[{"embeddable":true,"href":"https:\/\/osornoenvivo.cl\/index.php?rest_route=\/wp\/v2\/users\/4"}],"replies":[{"embeddable":true,"href":"https:\/\/osornoenvivo.cl\/index.php?rest_route=%2Fwp%2Fv2%2Fcomments&post=5287"}],"version-history":[{"count":1,"href":"https:\/\/osornoenvivo.cl\/index.php?rest_route=\/wp\/v2\/posts\/5287\/revisions"}],"predecessor-version":[{"id":5289,"href":"https:\/\/osornoenvivo.cl\/index.php?rest_route=\/wp\/v2\/posts\/5287\/revisions\/5289"}],"wp:featuredmedia":[{"embeddable":true,"href":"https:\/\/osornoenvivo.cl\/index.php?rest_route=\/wp\/v2\/media\/5288"}],"wp:attachment":[{"href":"https:\/\/osornoenvivo.cl\/index.php?rest_route=%2Fwp%2Fv2%2Fmedia&parent=5287"}],"wp:term":[{"taxonomy":"category","embeddable":true,"href":"https:\/\/osornoenvivo.cl\/index.php?rest_route=%2Fwp%2Fv2%2Fcategories&post=5287"},{"taxonomy":"post_tag","embeddable":true,"href":"https:\/\/osornoenvivo.cl\/index.php?rest_route=%2Fwp%2Fv2%2Ftags&post=5287"}],"curies":[{"name":"wp","href":"https:\/\/api.w.org\/{rel}","templated":true}]}}