{"id":5290,"date":"2026-09-03T21:49:11","date_gmt":"2026-09-03T21:49:11","guid":{"rendered":"https:\/\/osornoenvivo.cl\/?p=5290"},"modified":"2026-09-03T21:49:11","modified_gmt":"2026-09-03T21:49:11","slug":"mas-de-300-deportistas-daran-vida-a-la-tercera-edicion-de-la-regata-eberhard-kossmann","status":"publish","type":"post","link":"https:\/\/osornoenvivo.cl\/?p=5290","title":{"rendered":"M\u00e1s de 300 deportistas dar\u00e1n vida a la tercera edici\u00f3n de la regata eberhard  kossmann"},"content":{"rendered":"\n<p class=\"wp-block-paragraph\">El ic\u00f3nico evento de Los R\u00edos, organizado por ASENAV y la Asociaci\u00f3n Deportiva<br>Regional Austral de Remo, reunir\u00e1 a 10 clubes de Valdivia, Los Lagos y otras<br>ciudades, el pr\u00f3ximo 12 de septiembre en el r\u00edo Calle-Calle, para competir en 18<br>pruebas por el Campeonato Regional de Series Altas.<br>Valdivia, septiembre 2026.- En la v\u00edspera de las Fiestas Patrias, el r\u00edo Calle-Calle ser\u00e1<br>anfitri\u00f3n de nueva fiesta deportiva del remo. El pr\u00f3ximo s\u00e1bado 12 de septiembre, m\u00e1s de<br>300 deportistas competir\u00e1n en la tercera versi\u00f3n de la Regata Eberhard Kossmann,<br>certamen organizado por ASENAV y la Asociaci\u00f3n Deportiva Regional Austral de Remo que<br>forma parte del Campeonato Regional de Series Altas, previo a la instancia nacional.<br>El evento, que comenzar\u00e1 a las 09:00 horas y se extender\u00e1 hasta las 14:00 horas en la<br>costanera de Valdivia, convocar\u00e1 a los principales clubes de remo de la Regi\u00f3n de Los R\u00edos,<br>entre ellos el Club Deportivo Phoenix Valdivia, el Club de Remeros Arturo Prat, el Club de<br>Remeros Centenario y la Rama de Remo de la Universidad Austral de Chile, adem\u00e1s de<br>organizaciones remeras de Los Lagos y otras ciudades del sur de Chile.<br>La cita deportiva contar\u00e1 adem\u00e1s con la participaci\u00f3n de destacados seleccionados<br>nacionales, varios de ellos medallistas en el \u00faltimo Campeonato Sudamericano Junior y Sub-<br>23 realizado en Brasil, entre quienes se encuentran Erick Mu\u00f1oz, Mart\u00edn Arcos, Pedro<br>Labatut, Rodrigo Paz, Luciano Azurmendi, \u00c1lvaro Corales, Amaya Nazal, Colomba Wilson,<br>Gwenaelle Serandour, Augusta Liewald y Ferran Habash.<br>\u201cLlevar a cabo la tercera edici\u00f3n de esta regata, nos llena de orgullo, porque demuestra que<br>empieza a consolidarse como una tradici\u00f3n valdiviana inspirada en los valores de nuestro<br>fundador, Eberhard Kossmann. Desde ASENAV queremos seguir acompa\u00f1ando iniciativas<br>que convoquen a la comunidad, que proyecten el talento de nuestros deportistas y que<br>contribuyan a posicionar a nuestra ciudad como una verdadera capital del deporte en Chile.<br>Nuestro compromiso es que esta fiesta del remo siga creciendo a\u00f1o a a\u00f1o y nos recuerde la<br>importancia de impulsar el deporte a nivel regional\u201d, destac\u00f3 Germ\u00e1n Schacht, gerente<br>comercial de ASENAV.<br>Por su parte, el director de la Asociaci\u00f3n Deportiva Regional Austral de Remo, Jos\u00e9 Miguel<br>Isert, expres\u00f3: \u201cComo Asociaci\u00f3n que agrupa a los seis clubes de remo de la Regi\u00f3n de Los<br>R\u00edos, estamos muy contentos de participar, por tercer a\u00f1o consecutivo en la Regata<br>Eberhard Kossmann, una instancia que se ha convertido en un importante punto de<br>encuentro para nuestra comunidad deportiva y que permite poner en valor la tradici\u00f3n y el<br>talento del remo valdiviano. Agradecemos a ASENAV por apoyar estas iniciativas que<br>contribuyen a proyectar a nuestros clubes y deportistas, quienes llevan con orgullo el<br>nombre de Valdivia a distintos lugares de Chile y el mundo\u201d.<br>La fiesta deportiva considera una extensa variedad de divisiones que competir\u00e1n en 18<br>pruebas, abarcando las categor\u00edas Cu\u00e1druple (4x), Dos Sin Timonel (2-), Single (1x), Doble<\/p>\n\n\n\n<p class=\"wp-block-paragraph\">Par (2x) y Ocho con Timonel (8+) para las categor\u00edas Juvenil y Sub23, con participaci\u00f3n tanto<br>femenina como masculina en una distancia de 2.000 metros.<br>A ellas se suman las competencias masculinas Single Peso Ligero, el Cuatro Sin Timonel<br>Juvenil y Dos Sin Timonel Sub23, tambi\u00e9n sobre en una distancia de dos kil\u00f3metros, adem\u00e1s<br>de emocionantes competencias de la categor\u00eda Cadete sobre 1.500 metros.<br>La regata se realizar\u00e1 en la pista n\u00b02 del r\u00edo Calle Calle, considerando como partida el sector<br>de Cau Cau, y finalizar\u00e1 en la zona del Mirador del Remo, ofreciendo una vista privilegiada a<br>los seguidores de la competencia desde la misma Costanera de Valdivia. Un certamen<br>deportivo que desafiar\u00e1 y pondr\u00e1 a prueba la resistencia, t\u00e9cnica y habilidad de los<br>competidores en una de las disciplinas m\u00e1s representativas de la capital regional.<br>Cabe mencionar que el Club Deportivo Phoenix Valdivia se ha proclamado como ganador de<br>la Regata Eberhard Kossmann por dos a\u00f1os consecutivos, primero en su edici\u00f3n inaugural en<br>2024 y tambi\u00e9n en la \u00faltima versi\u00f3n realizada en 2025.<\/p>\n\n\n\n<p class=\"wp-block-paragraph\"><\/p>\n\n\n\n<p class=\"wp-block-paragraph\"><\/p>\n\n\n\n<p class=\"wp-block-paragraph\"><\/p>\n\n\n\n<p class=\"wp-block-paragraph\"><\/p>\n\n\n\n<p class=\"wp-block-paragraph\"><\/p>\n","protected":false},"excerpt":{"rendered":"<p>El ic\u00f3nico evento de Los R\u00edos, organizado por ASENAV y la Asociaci\u00f3n DeportivaRegional Austral de Remo, reunir\u00e1 a 10 clubes de Valdivia, Los Lagos y otrasciudades,<span class=\"excerpt-hellip\"> [\u2026]<\/span><\/p>\n","protected":false},"author":4,"featured_media":5291,"comment_status":"open","ping_status":"open","sticky":false,"template":"","format":"standard","meta":{"footnotes":""},"categories":[19],"tags":[],"class_list":["post-5290","post","type-post","status-publish","format-standard","has-post-thumbnail","hentry","category-deportes"],"_links":{"self":[{"href":"https:\/\/osornoenvivo.cl\/index.php?rest_route=\/wp\/v2\/posts\/5290","targetHints":{"allow":["GET"]}}],"collection":[{"href":"https:\/\/osornoenvivo.cl\/index.php?rest_route=\/wp\/v2\/posts"}],"about":[{"href":"https:\/\/osornoenvivo.cl\/index.php?rest_route=\/wp\/v2\/types\/post"}],"author":[{"embeddable":true,"href":"https:\/\/osornoenvivo.cl\/index.php?rest_route=\/wp\/v2\/users\/4"}],"replies":[{"embeddable":true,"href":"https:\/\/osornoenvivo.cl\/index.php?rest_route=%2Fwp%2Fv2%2Fcomments&post=5290"}],"version-history":[{"count":1,"href":"https:\/\/osornoenvivo.cl\/index.php?rest_route=\/wp\/v2\/posts\/5290\/revisions"}],"predecessor-version":[{"id":5292,"href":"https:\/\/osornoenvivo.cl\/index.php?rest_route=\/wp\/v2\/posts\/5290\/revisions\/5292"}],"wp:featuredmedia":[{"embeddable":true,"href":"https:\/\/osornoenvivo.cl\/index.php?rest_route=\/wp\/v2\/media\/5291"}],"wp:attachment":[{"href":"https:\/\/osornoenvivo.cl\/index.php?rest_route=%2Fwp%2Fv2%2Fmedia&parent=5290"}],"wp:term":[{"taxonomy":"category","embeddable":true,"href":"https:\/\/osornoenvivo.cl\/index.php?rest_route=%2Fwp%2Fv2%2Fcategories&post=5290"},{"taxonomy":"post_tag","embeddable":true,"href":"https:\/\/osornoenvivo.cl\/index.php?rest_route=%2Fwp%2Fv2%2Ftags&post=5290"}],"curies":[{"name":"wp","href":"https:\/\/api.w.org\/{rel}","templated":true}]}}