{"id":5296,"date":"2026-09-03T21:54:36","date_gmt":"2026-09-03T21:54:36","guid":{"rendered":"https:\/\/osornoenvivo.cl\/?p=5296"},"modified":"2026-09-03T21:54:36","modified_gmt":"2026-09-03T21:54:36","slug":"taller-gratuito-de-batucada-llega-a-osornopara-formar-una-nueva-comparsa-juvenil","status":"publish","type":"post","link":"https:\/\/osornoenvivo.cl\/?p=5296","title":{"rendered":"Taller gratuito de batucada llega a Osornopara formar una nueva comparsa juvenil"},"content":{"rendered":"\n<p class=\"wp-block-paragraph\">Hasta este 10 de septiembre estar\u00e1n abiertas las inscripciones para el taller<br>gratuito \u201cYakuBAJ\u201d. La iniciativa contar\u00e1 con 20 cupos para j\u00f3venes sin<br>experiencia previa que quieran aprender batucada junto a Batucada Yakuba.<br>Un nuevo taller gratuito de batucada busca reunir a j\u00f3venes de Osorno en torno a la<br>m\u00fasica, el ritmo y la creaci\u00f3n colectiva. Se trata de YakuBAJ, iniciativa desarrollada<br>por la Corporaci\u00f3n Cultural Balmaceda Arte Joven Los Lagos en colaboraci\u00f3n con<br>Batucada Yakuba, que contempla la formaci\u00f3n de una nueva comparsa juvenil que<br>tendr\u00e1 su presentaci\u00f3n final en la 16\u00b0 Fiesta Urbana de las Artes.<br>La propuesta est\u00e1 dirigida a j\u00f3venes interesados en acercarse a la percusi\u00f3n<br>afrobrasile\u00f1a, sin necesidad de contar con conocimientos o experiencia previa. El taller<br>contar\u00e1 con 20 cupos y se desarrollar\u00e1 durante los d\u00edas s\u00e1bados, de 17:00 a 20:00<br>horas, en el gimnasio de la Escuela Espa\u00f1a, ubicada en Av. Julio Buschmann 2488,<br>Osorno.<br>A lo largo de las sesiones, las y los participantes aprender\u00e1n diferentes t\u00e9cnicas, cortes<br>y ritmos como Samba Reggae, Tamanquinho, Samba Afro y Ritmo da Avenida,<br>combinando contenidos te\u00f3ricos, trabajo t\u00e9cnico y pr\u00e1ctica instrumental.<br>Pero el desaf\u00edo del taller va m\u00e1s all\u00e1 del aprendizaje instrumental. Durante las<br>semanas de formaci\u00f3n, las y los j\u00f3venes trabajar\u00e1n en conjunto para crear una<br>comparsa batuquera, poniendo en pr\u00e1ctica los conocimientos adquiridos y<br>preparando una presentaci\u00f3n que marcar\u00e1 el cierre de la experiencia.<br>El destino de esta nueva comparsa ser\u00e1 la 16\u00b0 Fiesta Urbana de las Artes, carnaval<br>que se realizar\u00e1 el a fines de noviembre en la Costanera de Puerto Montt. De<br>esta manera, el taller permitir\u00e1 que j\u00f3venes de Osorno sean parte activa de uno de los<br>principales encuentros de artes urbanas impulsados por Balmaceda Arte Joven Los<br>Lagos en la regi\u00f3n.<br>YakuBAJ tambi\u00e9n busca generar un espacio de encuentro para las juventudes, donde la<br>m\u00fasica y la pr\u00e1ctica art\u00edstica permitan fortalecer el trabajo colectivo, la participaci\u00f3n y<br>la expresi\u00f3n creativa.<br>La experiencia ser\u00e1 guiada por el director de Batucada Yakuba, Cristian P\u00e9rez, quien<br>tambi\u00e9n es m\u00fasico osornino, gestor cultural y batuquero con m\u00e1s de 25 a\u00f1os de<br>trayectoria.<br>Las inscripciones ya se encuentran disponibles y existen 20 cupos para participar<br>del taller gratuito. En caso de superar el n\u00famero de postulaciones, las personas<br>inscritas ser\u00e1n informadas oportunamente sobre su selecci\u00f3n o incorporaci\u00f3n a una<br>lista de espera. Las inscripciones se encuentran disponibles a trav\u00e9s del enlace<br>publicado en el perfil de Instagram de Balmaceda Arte Joven Los Lagos o en la p\u00e1gina<br>web <a href=\"http:\/\/www.baj.cl\">www.baj.cl<\/a><br>Link de inscripci\u00f3n: <a href=\"https:\/\/forms.gle\/KY8A5QWvKhm2WGXA7\">https:\/\/forms.gle\/KY8A5QWvKhm2WGXA7<\/a><\/p>\n","protected":false},"excerpt":{"rendered":"<p>Hasta este 10 de septiembre estar\u00e1n abiertas las inscripciones para el tallergratuito \u201cYakuBAJ\u201d. La iniciativa contar\u00e1 con 20 cupos para j\u00f3venes sinexperiencia previa que quieran aprender<span class=\"excerpt-hellip\"> [\u2026]<\/span><\/p>\n","protected":false},"author":4,"featured_media":5297,"comment_status":"open","ping_status":"open","sticky":false,"template":"","format":"standard","meta":{"footnotes":""},"categories":[59],"tags":[],"class_list":["post-5296","post","type-post","status-publish","format-standard","has-post-thumbnail","hentry","category-cultura"],"_links":{"self":[{"href":"https:\/\/osornoenvivo.cl\/index.php?rest_route=\/wp\/v2\/posts\/5296","targetHints":{"allow":["GET"]}}],"collection":[{"href":"https:\/\/osornoenvivo.cl\/index.php?rest_route=\/wp\/v2\/posts"}],"about":[{"href":"https:\/\/osornoenvivo.cl\/index.php?rest_route=\/wp\/v2\/types\/post"}],"author":[{"embeddable":true,"href":"https:\/\/osornoenvivo.cl\/index.php?rest_route=\/wp\/v2\/users\/4"}],"replies":[{"embeddable":true,"href":"https:\/\/osornoenvivo.cl\/index.php?rest_route=%2Fwp%2Fv2%2Fcomments&post=5296"}],"version-history":[{"count":1,"href":"https:\/\/osornoenvivo.cl\/index.php?rest_route=\/wp\/v2\/posts\/5296\/revisions"}],"predecessor-version":[{"id":5298,"href":"https:\/\/osornoenvivo.cl\/index.php?rest_route=\/wp\/v2\/posts\/5296\/revisions\/5298"}],"wp:featuredmedia":[{"embeddable":true,"href":"https:\/\/osornoenvivo.cl\/index.php?rest_route=\/wp\/v2\/media\/5297"}],"wp:attachment":[{"href":"https:\/\/osornoenvivo.cl\/index.php?rest_route=%2Fwp%2Fv2%2Fmedia&parent=5296"}],"wp:term":[{"taxonomy":"category","embeddable":true,"href":"https:\/\/osornoenvivo.cl\/index.php?rest_route=%2Fwp%2Fv2%2Fcategories&post=5296"},{"taxonomy":"post_tag","embeddable":true,"href":"https:\/\/osornoenvivo.cl\/index.php?rest_route=%2Fwp%2Fv2%2Ftags&post=5296"}],"curies":[{"name":"wp","href":"https:\/\/api.w.org\/{rel}","templated":true}]}}