{"id":5314,"date":"2026-09-05T02:41:28","date_gmt":"2026-09-05T02:41:28","guid":{"rendered":"https:\/\/osornoenvivo.cl\/?p=5314"},"modified":"2026-09-05T02:41:29","modified_gmt":"2026-09-05T02:41:29","slug":"core-y-gobierno-regional-recorren-la-provincia-de-palena-para-promover-fondo-de-4-mil-millones-para-productividad-e-innovacion","status":"publish","type":"post","link":"https:\/\/osornoenvivo.cl\/?p=5314","title":{"rendered":"CORE y Gobierno Regional recorren la provincia de Palena para promover fondo de $4 mil millones para productividad e innovaci\u00f3n"},"content":{"rendered":"\n<p class=\"wp-block-paragraph\">Chait\u00e9n, Futaleuf\u00fa y Palena fueron parte del recorrido realizado por la Comisi\u00f3n Provincial Palena del Consejo Regional y la Divisi\u00f3n de Fomento e Industrias del Gobierno Regional de Los Lagos, para acercar a emprendedores y empresarios locales las alternativas de financiamiento del Fondo Regional para la Productividad y el Desarrollo (FRPD) 2026.<\/p>\n\n\n\n<p class=\"wp-block-paragraph\">La iniciativa busca que emprendedores, empresas y actores vinculados al desarrollo productivo de la provincia conozcan directamente este instrumento y puedan identificar oportunidades para presentar proyectos, a trav\u00e9s de universidades e instituciones que respondan a necesidades concretas del territorio.<\/p>\n\n\n\n<p class=\"wp-block-paragraph\">El Fondo Regional para la Productividad y el Desarrollo (FRPD) es una herramienta del Gobierno Regional de Los Lagos orientada a financiar iniciativas que aporten al desarrollo productivo mediante la ciencia, la tecnolog\u00eda, el conocimiento y la innovaci\u00f3n. El concurso 2026 contempla un marco presupuestario de $4 mil millones, con iniciativas que pueden acceder a financiamiento de hasta $300 millones, de acuerdo con las condiciones establecidas en las bases.<\/p>\n\n\n\n<p class=\"wp-block-paragraph\">La convocatoria est\u00e1 dirigida a instituciones p\u00fablicas y privadas sin fines de lucro habilitadas para recibir recursos del FRPD, incluyendo entidades vinculadas al fomento productivo, desarrollo regional, investigaci\u00f3n, ciencia y tecnolog\u00eda, adem\u00e1s de instituciones de educaci\u00f3n superior que cumplan con los requisitos establecidos. Los proyectos deber\u00e1n generar su principal beneficio en la regi\u00f3n de Los Lagos.&nbsp;<\/p>\n\n\n\n<p class=\"wp-block-paragraph\">Las postulaciones se encuentran abiertas desde el 4 de agosto y hasta el 29 de septiembre, por lo que desde el Gobierno Regional se est\u00e1 reforzando el trabajo de difusi\u00f3n en las distintas provincias para que las oportunidades de financiamiento lleguen tambi\u00e9n a los territorios m\u00e1s alejados.<\/p>\n\n\n\n<p class=\"wp-block-paragraph\">El consejero regional y presidente de la Comisi\u00f3n Provincial Palena, F\u00e9lix Vargas, destac\u00f3 el trabajo realizado directamente en las comunas. \u201cEstuvimos recorriendo Chait\u00e9n, Palena y Futaleuf\u00fa, impulsando una iniciativa donde los emprendedores y los empresarios son claves para el desarrollo productivo. La alianza entre lo p\u00fablico y lo privado es clave. Estamos recuperando confianza, queremos articular, queremos trabajar y especialmente motivar a los emprendedores para que desarrollemos en conjunto y proyectemos nuestra provincia\u201d.<\/p>\n\n\n\n<p class=\"wp-block-paragraph\">Vargas agreg\u00f3 que el trabajo territorial continuar\u00e1 en Hualaihu\u00e9, buscando incorporar a las cuatro comunas de la provincia a esta oportunidad de financiamiento. \u201cEstuvimos en estas tres comunas y ahora esperamos trabajar en Hualaihu\u00e9, porque somos cuatro territorios, cuatro comunas donde queremos lo mejor para la provincia de Palena, como tambi\u00e9n para la regi\u00f3n de Los Lagos. Por eso invito a los habitantes de Chait\u00e9n, Futaleuf\u00fa, Palena y Hualaihu\u00e9. Trabajemos por la productividad, y ustedes, como privados, son los articuladores que mueven la econom\u00eda de nuestra provincia de Palena\u201d.<\/p>\n\n\n\n<p class=\"wp-block-paragraph\">Desde la Divisi\u00f3n de Fomento e Industrias del Gobierno Regional explicaron que uno de los objetivos del FRPD es precisamente conectar las necesidades y oportunidades que surgen en los territorios con capacidades de conocimiento, investigaci\u00f3n e innovaci\u00f3n que permitan transformarlas en proyectos concretos.<\/p>\n\n\n\n<p class=\"wp-block-paragraph\">Jos\u00e9 Plaza, encargado del Departamento de Innovaci\u00f3n Regional de la Divisi\u00f3n de Fomento e Industrias del GORE, explic\u00f3 que el fondo busca generar ese v\u00ednculo entre los territorios y el sector productivo. \u201cTenemos un fondo de productividad para el desarrollo, el FRPD, que busca conectar las ideas de los territorios, como los que acabamos de recorrer, Futaleuf\u00fa, Palena y Chait\u00e9n, para que se conviertan en realidades concretas para nuestros empresarios\u201d.<\/p>\n\n\n\n<p class=\"wp-block-paragraph\">El profesional detall\u00f3 que el concurso cuenta con un marco presupuestario de $4 mil millones y contempla iniciativas de hasta $300 millones, mientras que el per\u00edodo de postulaci\u00f3n se extiende hasta el 29 de septiembre. \u201cEstamos buscando conectar la academia, el conocimiento y los investigadores con la realidad que tienen nuestros emprendedores territoriales. La invitaci\u00f3n es a postular las buenas ideas que existen en nuestros territorios\u201d.<\/p>\n\n\n\n<p class=\"wp-block-paragraph\">Desde el CORE y el Gobierno Regional destacaron la importancia de que esta informaci\u00f3n pueda llegar directamente a las comunidades, considerando las caracter\u00edsticas geogr\u00e1ficas y las brechas de conectividad que enfrenta la provincia de Palena.<\/p>\n\n\n\n<p class=\"wp-block-paragraph\">La convocatoria busca, de esta manera, que las necesidades y oportunidades identificadas por emprendedores y empresas locales puedan transformarse en iniciativas que incorporen innovaci\u00f3n, conocimiento y nuevas herramientas para mejorar su productividad y competitividad.<\/p>\n\n\n\n<p class=\"wp-block-paragraph\">Toda la informaci\u00f3n sobre requisitos, condiciones de postulaci\u00f3n y bases del concurso se encuentra disponible en <a href=\"http:\/\/goreloslagos.cl\/fondo-regional-para-la-productividad-y-desarrollo\" target=\"_blank\" rel=\"noopener\">goreloslagos.cl\/fondo-regional-para-la-productividad-y-desarrollo<\/a>.<\/p>\n","protected":false},"excerpt":{"rendered":"<p>Chait\u00e9n, Futaleuf\u00fa y Palena fueron parte del recorrido realizado por la Comisi\u00f3n Provincial Palena del Consejo Regional y la Divisi\u00f3n de Fomento e Industrias del Gobierno<span class=\"excerpt-hellip\"> [\u2026]<\/span><\/p>\n","protected":false},"author":4,"featured_media":5315,"comment_status":"open","ping_status":"open","sticky":false,"template":"","format":"standard","meta":{"footnotes":""},"categories":[10],"tags":[],"class_list":["post-5314","post","type-post","status-publish","format-standard","has-post-thumbnail","hentry","category-noticias"],"_links":{"self":[{"href":"https:\/\/osornoenvivo.cl\/index.php?rest_route=\/wp\/v2\/posts\/5314","targetHints":{"allow":["GET"]}}],"collection":[{"href":"https:\/\/osornoenvivo.cl\/index.php?rest_route=\/wp\/v2\/posts"}],"about":[{"href":"https:\/\/osornoenvivo.cl\/index.php?rest_route=\/wp\/v2\/types\/post"}],"author":[{"embeddable":true,"href":"https:\/\/osornoenvivo.cl\/index.php?rest_route=\/wp\/v2\/users\/4"}],"replies":[{"embeddable":true,"href":"https:\/\/osornoenvivo.cl\/index.php?rest_route=%2Fwp%2Fv2%2Fcomments&post=5314"}],"version-history":[{"count":1,"href":"https:\/\/osornoenvivo.cl\/index.php?rest_route=\/wp\/v2\/posts\/5314\/revisions"}],"predecessor-version":[{"id":5316,"href":"https:\/\/osornoenvivo.cl\/index.php?rest_route=\/wp\/v2\/posts\/5314\/revisions\/5316"}],"wp:featuredmedia":[{"embeddable":true,"href":"https:\/\/osornoenvivo.cl\/index.php?rest_route=\/wp\/v2\/media\/5315"}],"wp:attachment":[{"href":"https:\/\/osornoenvivo.cl\/index.php?rest_route=%2Fwp%2Fv2%2Fmedia&parent=5314"}],"wp:term":[{"taxonomy":"category","embeddable":true,"href":"https:\/\/osornoenvivo.cl\/index.php?rest_route=%2Fwp%2Fv2%2Fcategories&post=5314"},{"taxonomy":"post_tag","embeddable":true,"href":"https:\/\/osornoenvivo.cl\/index.php?rest_route=%2Fwp%2Fv2%2Ftags&post=5314"}],"curies":[{"name":"wp","href":"https:\/\/api.w.org\/{rel}","templated":true}]}}