{"id":5317,"date":"2026-09-05T02:42:26","date_gmt":"2026-09-05T02:42:26","guid":{"rendered":"https:\/\/osornoenvivo.cl\/?p=5317"},"modified":"2026-09-05T02:42:26","modified_gmt":"2026-09-05T02:42:26","slug":"ministerio-de-ciencia-tecnologia-conocimiento-e-innovacion-y-daad-abren-nueva-convocatoria-para-becas-de-doctorado-en-alemania","status":"publish","type":"post","link":"https:\/\/osornoenvivo.cl\/?p=5317","title":{"rendered":"Ministerio de Ciencia, Tecnolog\u00eda, Conocimiento e Innovaci\u00f3n y DAAD: Abren nueva convocatoria para Becas de Doctorado en Alemania"},"content":{"rendered":"\n<p class=\"wp-block-paragraph\">El Ministerio de Ciencia, Tecnolog\u00eda, Conocimiento e Innovaci\u00f3n en conjunto con el Servicio Alem\u00e1n de Intercambio Acad\u00e9mico (DAAD) abri\u00f3 la convocatoria del Concurso Beca Doctorado Becas Chile ANID-DAAD, que financia estudios de doctorado en Alemania.<\/p>\n\n\n\n<p class=\"wp-block-paragraph\">La Ministra de la cartera, la Dra. Ximena Lincolao, se\u00f1al\u00f3 que \u00abestamos uniendo fuerzas con Alemania para abrir una nueva convocatoria de esta beca que permite a chilenos y chilenas cursar estudios de doctorado en ese pa\u00eds. Formar capital humano avanzado con programas de excelencia acad\u00e9mica es una inversi\u00f3n directa en las capacidades cient\u00edficas y tecnol\u00f3gicas que Chile necesita, y cada persona que regresa con ese conocimiento fortalece a la academia, a la industria y al Estado\u00bb.<\/p>\n\n\n\n<p class=\"wp-block-paragraph\">La beca es cofinanciada por ambas instituciones. El Ministerio CTCI cubre los costos de matr\u00edcula, arancel y manutenci\u00f3n, mientras que el DAAD complementa este apoyo con seguros de salud, actividades de acompa\u00f1amiento y cursos de idioma alem\u00e1n de entre dos y seis meses, tanto en Chile como en Alemania.<\/p>\n\n\n\n<p class=\"wp-block-paragraph\">La Directora en Chile del DAAD, Andrea Riedemann, afirm\u00f3 que \u00abtenemos muchas universidades que ofrecen programas doctorales de primer nivel, con una tradici\u00f3n cient\u00edfica s\u00f3lida y una infraestructura de investigaci\u00f3n de excelencia. Ese es el est\u00e1ndar al que acceden quienes se forman a trav\u00e9s de este programa, y es lo que convierte a esta convocatoria en una oportunidad real para quienes buscan una formaci\u00f3n doctoral de clase mundial\u00bb.<\/p>\n\n\n\n<p class=\"wp-block-paragraph\">Por su parte, la Encargada de Negocios a.i. de la Embajada de Alemania, Carola Bruhn, se\u00f1al\u00f3 que \u00abeste programa es un ejemplo concreto de c\u00f3mo la cooperaci\u00f3n bilateral en ciencia e investigaci\u00f3n puede traducirse en oportunidades reales para las personas. Seguimos comprometidos con profundizar esta relaci\u00f3n, que beneficia tanto a Chile como a Alemania\u00bb.<\/p>\n\n\n\n<p class=\"wp-block-paragraph\">Uno de los actuales becarios es Mario Corbal\u00e1n, quien se encuentra estudiando un doctorado en Bioelectroqu\u00edmica en la Ruhr-Universit\u00e4t Bochum, Alemania.<\/p>\n\n\n\n<p class=\"wp-block-paragraph\">\u00abPostul\u00e9 a esta beca porque siempre me gust\u00f3 investigar. Mi gran sue\u00f1o es seguir trabajando en investigaci\u00f3n, pero tambi\u00e9n aportar a la formulaci\u00f3n de pol\u00edticas p\u00fablicas de ciencia de nuestro pa\u00eds y, por qu\u00e9 no, alg\u00fan d\u00eda ser ministro de ciencia\u00bb, explic\u00f3 Mario Corbal\u00e1n, ingeniero qu\u00edmico de la Universidad T\u00e9cnica Federico Santa Mar\u00eda y becario ANID-DAAD. Cursa actualmente un doctorado en Bioelectroqu\u00edmica en la Ruhr-Universit\u00e4t Bochum, Alemania.<\/p>\n\n\n\n<p class=\"wp-block-paragraph\">Dentro de los beneficiados hist\u00f3ricos, el 57,25% proviene de regiones, destacando Biob\u00edo, Valpara\u00edso y Los R\u00edos, entre otros territorios del norte, centro y sur de Chile.<\/p>\n\n\n\n<p class=\"wp-block-paragraph\">Las postulaciones a esta convocatoria estar\u00e1n abiertas hasta el 1 de octubre de 2026, 13:00 hrs, a trav\u00e9s del sitio web&nbsp;<a href=\"http:\/\/www.anid.cl\/\" target=\"_blank\" rel=\"noopener\">www.anid.cl<\/a>.<\/p>\n","protected":false},"excerpt":{"rendered":"<p>El Ministerio de Ciencia, Tecnolog\u00eda, Conocimiento e Innovaci\u00f3n en conjunto con el Servicio Alem\u00e1n de Intercambio Acad\u00e9mico (DAAD) abri\u00f3 la convocatoria del Concurso Beca Doctorado Becas<span class=\"excerpt-hellip\"> [\u2026]<\/span><\/p>\n","protected":false},"author":4,"featured_media":5318,"comment_status":"open","ping_status":"open","sticky":false,"template":"","format":"standard","meta":{"footnotes":""},"categories":[56],"tags":[],"class_list":["post-5317","post","type-post","status-publish","format-standard","has-post-thumbnail","hentry","category-nacional"],"_links":{"self":[{"href":"https:\/\/osornoenvivo.cl\/index.php?rest_route=\/wp\/v2\/posts\/5317","targetHints":{"allow":["GET"]}}],"collection":[{"href":"https:\/\/osornoenvivo.cl\/index.php?rest_route=\/wp\/v2\/posts"}],"about":[{"href":"https:\/\/osornoenvivo.cl\/index.php?rest_route=\/wp\/v2\/types\/post"}],"author":[{"embeddable":true,"href":"https:\/\/osornoenvivo.cl\/index.php?rest_route=\/wp\/v2\/users\/4"}],"replies":[{"embeddable":true,"href":"https:\/\/osornoenvivo.cl\/index.php?rest_route=%2Fwp%2Fv2%2Fcomments&post=5317"}],"version-history":[{"count":1,"href":"https:\/\/osornoenvivo.cl\/index.php?rest_route=\/wp\/v2\/posts\/5317\/revisions"}],"predecessor-version":[{"id":5319,"href":"https:\/\/osornoenvivo.cl\/index.php?rest_route=\/wp\/v2\/posts\/5317\/revisions\/5319"}],"wp:featuredmedia":[{"embeddable":true,"href":"https:\/\/osornoenvivo.cl\/index.php?rest_route=\/wp\/v2\/media\/5318"}],"wp:attachment":[{"href":"https:\/\/osornoenvivo.cl\/index.php?rest_route=%2Fwp%2Fv2%2Fmedia&parent=5317"}],"wp:term":[{"taxonomy":"category","embeddable":true,"href":"https:\/\/osornoenvivo.cl\/index.php?rest_route=%2Fwp%2Fv2%2Fcategories&post=5317"},{"taxonomy":"post_tag","embeddable":true,"href":"https:\/\/osornoenvivo.cl\/index.php?rest_route=%2Fwp%2Fv2%2Ftags&post=5317"}],"curies":[{"name":"wp","href":"https:\/\/api.w.org\/{rel}","templated":true}]}}