{"id":5320,"date":"2026-09-05T02:43:47","date_gmt":"2026-09-05T02:43:47","guid":{"rendered":"https:\/\/osornoenvivo.cl\/?p=5320"},"modified":"2026-09-05T02:43:47","modified_gmt":"2026-09-05T02:43:47","slug":"gobierno-regional-impulsa-elaboracion-de-plan-regulador-intercomunal-considerando-un-area-de-estudio-de-ocho-comunas","status":"publish","type":"post","link":"https:\/\/osornoenvivo.cl\/?p=5320","title":{"rendered":"Gobierno Regional impulsa elaboraci\u00f3n de Plan Regulador Intercomunal considerando un \u00e1rea de estudio de ocho comunas"},"content":{"rendered":"\n<p class=\"wp-block-paragraph\">Con la presencia del gobernador regional de Los Lagos, Alejandro Santana, el seremi de Vivienda y Urbanismo, Mario Marchant, alcaldes, representantes municipales y consejeros regionales, se realiz\u00f3 el lanzamiento del proceso de elaboraci\u00f3n del Plan Regulador Intercomunal (PRI), instrumento que permitir\u00e1 avanzar hacia una planificaci\u00f3n territorial integrada para ocho comunas de la regi\u00f3n.<\/p>\n\n\n\n<p class=\"wp-block-paragraph\">La iniciativa busca establecer una visi\u00f3n conjunta de desarrollo, ordenamiento y crecimiento, incorporando criterios de conectividad, protecci\u00f3n del entorno natural y definici\u00f3n de \u00e1reas de oportunidad para los territorios de Puerto Octay, Frutillar, Llanquihue, Puerto Varas, Puerto Montt, Calbuco, Maull\u00edn y Los Muermos.<\/p>\n\n\n\n<p class=\"wp-block-paragraph\">Durante la actividad, el gobernador regional Alejandro Santana destac\u00f3 la importancia de este hito para fortalecer la planificaci\u00f3n territorial de la regi\u00f3n.<\/p>\n\n\n\n<p class=\"wp-block-paragraph\">\u201cEs un hito importante para lo que significa el fortalecimiento del ordenamiento territorial con una mirada provincial y, principalmente, una mirada en la cual vemos las oportunidades que tiene el poder generar un plan regulador intercomunal\u201d, se\u00f1al\u00f3.<\/p>\n\n\n\n<p class=\"wp-block-paragraph\">Asimismo, valor\u00f3 el trabajo conjunto con el Ministerio de Vivienda y Urbanismo, que actuar\u00e1 como unidad t\u00e9cnica para el desarrollo de esta etapa.<\/p>\n\n\n\n<p class=\"wp-block-paragraph\">El seremi de Vivienda y Urbanismo, Mario Marchant, explic\u00f3 que este lanzamiento marca el inicio de un proceso clave para la planificaci\u00f3n futura del territorio.<\/p>\n\n\n\n<p class=\"wp-block-paragraph\">\u201cEsto es muy importante, es el punto inicial para avanzar en el Plan Regulador Intercomunal que contempla ocho comunas de la Regi\u00f3n de Los Lagos, siete de ellas en la provincia de Llanquihue y una en la provincia de Osorno, correspondiente a Puerto Octay\u201d, indic\u00f3.<\/p>\n\n\n\n<p class=\"wp-block-paragraph\">La autoridad regional agreg\u00f3 que el instrumento permitir\u00e1 \u201cregular la planificaci\u00f3n y dar certeza a los vecinos de este sector de la regi\u00f3n, buscando regular el crecimiento, proteger el entorno y dar mayor conectividad\u201d.<\/p>\n\n\n\n<p class=\"wp-block-paragraph\">Desde los municipios participantes, el alcalde de Maull\u00edn, Nabih Soza, valor\u00f3 el inicio de este trabajo colaborativo y destac\u00f3 la importancia de incorporar la visi\u00f3n local.<\/p>\n\n\n\n<p class=\"wp-block-paragraph\">\u201cEs un tremendo avance. Espero que, como dec\u00eda el gobernador, se pueda lograr r\u00e1pidamente, porque implica que todas estas comunas vamos a poder hacer cosas en conjunto y, entre otras cosas, proteger un lugar que tiene tanta naturaleza y tantos elementos que debemos preservar para las futuras generaciones\u201d, sostuvo.<\/p>\n\n\n\n<p class=\"wp-block-paragraph\">El jefe comunal tambi\u00e9n enfatiz\u00f3 que las comunas deben ser parte activa del proceso, considerando sus propias necesidades y proyecciones de crecimiento.<\/p>\n\n\n\n<p class=\"wp-block-paragraph\">Por su parte, el presidente de la Comisi\u00f3n de Infraestructura del Consejo Regional, Rodrigo Arismendi, destac\u00f3 que este convenio representa una herramienta in\u00e9dita para avanzar en el ordenamiento territorial regional.<\/p>\n\n\n\n<p class=\"wp-block-paragraph\">\u201cEs muy importante lo que se est\u00e1 desarrollando hoy d\u00eda, lo que se firm\u00f3 como convenio para el ordenamiento territorial de la regi\u00f3n. Es la primera herramienta que vamos a tener de car\u00e1cter intercomunal y es un tremendo desaf\u00edo que hay que sacar adelante\u201d, afirm\u00f3.<\/p>\n\n\n\n<p class=\"wp-block-paragraph\">Arismendi record\u00f3 que este proceso tiene una larga historia de intentos previos desde la d\u00e9cada de 1990 y valor\u00f3 la incorporaci\u00f3n de comunas como Los Muermos y Maull\u00edn, considerando sus caracter\u00edsticas ambientales y territoriales.<\/p>\n\n\n\n<p class=\"wp-block-paragraph\">El Plan Regulador Intercomunal permitir\u00e1 generar una planificaci\u00f3n coordinada entre las comunas participantes, entregando una hoja de ruta para orientar el desarrollo urbano, resguardar \u00e1reas de valor ambiental y responder a los desaf\u00edos futuros de la Regi\u00f3n de Los Lagos.<\/p>\n","protected":false},"excerpt":{"rendered":"<p>Con la presencia del gobernador regional de Los Lagos, Alejandro Santana, el seremi de Vivienda y Urbanismo, Mario Marchant, alcaldes, representantes municipales y consejeros regionales, se<span class=\"excerpt-hellip\"> [\u2026]<\/span><\/p>\n","protected":false},"author":4,"featured_media":5321,"comment_status":"open","ping_status":"open","sticky":false,"template":"","format":"standard","meta":{"footnotes":""},"categories":[55],"tags":[],"class_list":["post-5320","post","type-post","status-publish","format-standard","has-post-thumbnail","hentry","category-comunidad"],"_links":{"self":[{"href":"https:\/\/osornoenvivo.cl\/index.php?rest_route=\/wp\/v2\/posts\/5320","targetHints":{"allow":["GET"]}}],"collection":[{"href":"https:\/\/osornoenvivo.cl\/index.php?rest_route=\/wp\/v2\/posts"}],"about":[{"href":"https:\/\/osornoenvivo.cl\/index.php?rest_route=\/wp\/v2\/types\/post"}],"author":[{"embeddable":true,"href":"https:\/\/osornoenvivo.cl\/index.php?rest_route=\/wp\/v2\/users\/4"}],"replies":[{"embeddable":true,"href":"https:\/\/osornoenvivo.cl\/index.php?rest_route=%2Fwp%2Fv2%2Fcomments&post=5320"}],"version-history":[{"count":1,"href":"https:\/\/osornoenvivo.cl\/index.php?rest_route=\/wp\/v2\/posts\/5320\/revisions"}],"predecessor-version":[{"id":5322,"href":"https:\/\/osornoenvivo.cl\/index.php?rest_route=\/wp\/v2\/posts\/5320\/revisions\/5322"}],"wp:featuredmedia":[{"embeddable":true,"href":"https:\/\/osornoenvivo.cl\/index.php?rest_route=\/wp\/v2\/media\/5321"}],"wp:attachment":[{"href":"https:\/\/osornoenvivo.cl\/index.php?rest_route=%2Fwp%2Fv2%2Fmedia&parent=5320"}],"wp:term":[{"taxonomy":"category","embeddable":true,"href":"https:\/\/osornoenvivo.cl\/index.php?rest_route=%2Fwp%2Fv2%2Fcategories&post=5320"},{"taxonomy":"post_tag","embeddable":true,"href":"https:\/\/osornoenvivo.cl\/index.php?rest_route=%2Fwp%2Fv2%2Ftags&post=5320"}],"curies":[{"name":"wp","href":"https:\/\/api.w.org\/{rel}","templated":true}]}}