{"id":5323,"date":"2026-09-05T03:00:22","date_gmt":"2026-09-05T03:00:22","guid":{"rendered":"https:\/\/osornoenvivo.cl\/?p=5323"},"modified":"2026-09-05T03:00:22","modified_gmt":"2026-09-05T03:00:22","slug":"municipio-logro-recomendacion-satisfactoria-de-proyectode-construccion-de-nueva-posta-rural-de-pichil","status":"publish","type":"post","link":"https:\/\/osornoenvivo.cl\/?p=5323","title":{"rendered":"MUNICIPIO LOGR\u00d3 RECOMENDACI\u00d3N SATISFACTORIA DE PROYECTODE CONSTRUCCI\u00d3N DE NUEVA POSTA RURAL DE PICHIL"},"content":{"rendered":"\n<p class=\"wp-block-paragraph\">El municipio de Osorno obtuvo la Recomendaci\u00f3n Satisfactoria (RS) del anhelado<br>proyecto de construcci\u00f3n de la nueva Posta Rural del sector de Pichil, \u201clo que<br>significa que contamos con todos los requisitos t\u00e9cnicos necesarios para avanzar<br>ahora a la licitaci\u00f3n y futura ejecuci\u00f3n de esta obra\u201d, inform\u00f3 el alcalde Jaime<br>Bertin.<br>Esta iniciativa considera una inversi\u00f3n de $1.491 millones de pesos, con cargo al<br>FNDR, del Gobierno Regional de Los Lagos, y contempla la edificaci\u00f3n de una<br>infraestructura de 342,25 metros cuadrados, que contar\u00e1 con box multiprop\u00f3sito, de<br>procedimientos, gineco-obstetra y dental, adem\u00e1s de SOME general, sala de espera y<br>acogida, archivo, servicios higi\u00e9nicos, bodega y caldera. A ello se suma la vivienda<br>para el t\u00e9cnico param\u00e9dico a cargo del recinto y la adquisici\u00f3n de equipos y<br>equipamiento para el funcionamiento de la posta.<br>Al respecto, el jefe edilicio osornino sostuvo que \u201cesta obra dotar\u00e1 a los vecinos de<br>Pichil de una posta que cumplir\u00e1 con toda la normativa vigente para brindar una<br>atenci\u00f3n primaria de calidad, y vendr\u00e1 a reemplazar a la actual Estaci\u00f3n M\u00e9dico<br>Rural, que fue construida el a\u00f1o 1988 y que ya cumpli\u00f3 su vida \u00fatil, por lo que se<br>hac\u00eda imperioso avanzar en la construcci\u00f3n de un nuevo establecimiento de salud\u201d.<br>\u201cDe ah\u00ed que ahora esperamos ahora que el Gobierno Regional de Los Lagos asigne<br>el financiamiento, ya que este proyecto est\u00e1 considerado en el FNDR, y nos env\u00ede el<br>Convenio Mandato para que, como municipio, avancemos a la etapa de licitaci\u00f3n<br>p\u00fablica, con el objetivo de contratar la empresa que ejecutar\u00e1 esta sentida obra que,<br>durante muchos a\u00f1os, ha solicitado la comunidad de Pichil\u201d, agreg\u00f3 Bertin.<\/p>\n","protected":false},"excerpt":{"rendered":"<p>El municipio de Osorno obtuvo la Recomendaci\u00f3n Satisfactoria (RS) del anheladoproyecto de construcci\u00f3n de la nueva Posta Rural del sector de Pichil, \u201clo quesignifica que contamos<span class=\"excerpt-hellip\"> [\u2026]<\/span><\/p>\n","protected":false},"author":4,"featured_media":5324,"comment_status":"open","ping_status":"open","sticky":false,"template":"","format":"standard","meta":{"footnotes":""},"categories":[63],"tags":[],"class_list":["post-5323","post","type-post","status-publish","format-standard","has-post-thumbnail","hentry","category-provincia-de-osorno"],"_links":{"self":[{"href":"https:\/\/osornoenvivo.cl\/index.php?rest_route=\/wp\/v2\/posts\/5323","targetHints":{"allow":["GET"]}}],"collection":[{"href":"https:\/\/osornoenvivo.cl\/index.php?rest_route=\/wp\/v2\/posts"}],"about":[{"href":"https:\/\/osornoenvivo.cl\/index.php?rest_route=\/wp\/v2\/types\/post"}],"author":[{"embeddable":true,"href":"https:\/\/osornoenvivo.cl\/index.php?rest_route=\/wp\/v2\/users\/4"}],"replies":[{"embeddable":true,"href":"https:\/\/osornoenvivo.cl\/index.php?rest_route=%2Fwp%2Fv2%2Fcomments&post=5323"}],"version-history":[{"count":1,"href":"https:\/\/osornoenvivo.cl\/index.php?rest_route=\/wp\/v2\/posts\/5323\/revisions"}],"predecessor-version":[{"id":5325,"href":"https:\/\/osornoenvivo.cl\/index.php?rest_route=\/wp\/v2\/posts\/5323\/revisions\/5325"}],"wp:featuredmedia":[{"embeddable":true,"href":"https:\/\/osornoenvivo.cl\/index.php?rest_route=\/wp\/v2\/media\/5324"}],"wp:attachment":[{"href":"https:\/\/osornoenvivo.cl\/index.php?rest_route=%2Fwp%2Fv2%2Fmedia&parent=5323"}],"wp:term":[{"taxonomy":"category","embeddable":true,"href":"https:\/\/osornoenvivo.cl\/index.php?rest_route=%2Fwp%2Fv2%2Fcategories&post=5323"},{"taxonomy":"post_tag","embeddable":true,"href":"https:\/\/osornoenvivo.cl\/index.php?rest_route=%2Fwp%2Fv2%2Ftags&post=5323"}],"curies":[{"name":"wp","href":"https:\/\/api.w.org\/{rel}","templated":true}]}}