{"id":5329,"date":"2026-09-05T03:02:42","date_gmt":"2026-09-05T03:02:42","guid":{"rendered":"https:\/\/osornoenvivo.cl\/?p=5329"},"modified":"2026-09-05T03:02:42","modified_gmt":"2026-09-05T03:02:42","slug":"destacadas-actrices-nacionales-participaron-en-lanzamiento-del-ete-2026-el-encuentro-internacional-de-teatro-escolar-que-se-proyecta-al-mundo","status":"publish","type":"post","link":"https:\/\/osornoenvivo.cl\/?p=5329","title":{"rendered":"Destacadas actrices nacionales participaron en lanzamiento del ETE 2026, el encuentro internacional de teatro escolar que se proyecta al mundo"},"content":{"rendered":"\n<ul class=\"wp-block-list\">\n<li>Las actrices <strong>Paulina Urrutia y Catalina Saavedra,<\/strong> llegaron hasta el Teatro SIDARTE en Santiago, para participar en el lanzamiento del XVII ETE, Encuentro Internacional de Teatro Escolar 2026.<\/li>\n<\/ul>\n\n\n\n<ul class=\"wp-block-list\">\n<li>En su versi\u00f3n N\u00b017, el ETE reunir\u00e1 a m\u00e1s de 30 comunidades educativas de Chile, Colombia y Bolivia, entre el 16 y el 20 de noviembre en el Teatro Diego Rivera de Puerto Montt.<\/li>\n<\/ul>\n\n\n\n<p class=\"wp-block-paragraph\"><strong>Santiago, septiembre de 2026.<\/strong> Lo que comenz\u00f3 el 2009 como un espacio para que comunidades educativas compartieran sus experiencias teatrales, se ha transformado en una iniciativa con alcance nacional e internacional.&nbsp;El XVII ETE Encuentro Internacional de Teatro Escolar 2026, reunir\u00e1 durante una semana a m\u00e1s de 30 establecimientos y delegaciones de Chile, Colombia y Bolivia en el Teatro Diego Rivera de Puerto Montt, consolidando una trayectoria que ya supera los 3.000 estudiantes en escena y los 30.000 espectadores en 17 a\u00f1os de historia.<\/p>\n\n\n\n<p class=\"wp-block-paragraph\">La convocatoria 2026 recibi\u00f3 m\u00e1s de 40 postulaciones y contempla establecimientos de las regiones de Coquimbo, Valpara\u00edso, O\u2019Higgins, Biob\u00edo, Los R\u00edos y Los Lagos, adem\u00e1s de las delegaciones internacionales del Colegio Alem\u00e1n de Cali y el Colegio Internacional Los Ca\u00f1averales de Colombia, y la Escuela de Sucre en Bolivia.<\/p>\n\n\n\n<p class=\"wp-block-paragraph\"><em>\u201cDespu\u00e9s de 17 a\u00f1os, estamos muy contentos de ver c\u00f3mo este encuentro ha ido creciendo y c\u00f3mo hoy podemos tener presencia nacional e internacional. Tenemos escuelas de territorios rurales y apartados, adem\u00e1s de establecimientos de distintas regiones y pa\u00edses. ETE permite que todos ellos se encuentren en Puerto Montt y vivan el teatro en condiciones profesionales\u201d,<\/em> se\u00f1ala <strong>Daniela Carrillo<\/strong>, directora ejecutiva de Fundaci\u00f3n Territorio Teatral.&nbsp;<\/p>\n\n\n\n<p class=\"wp-block-paragraph\"><strong>La destacada actriz nacional y embajadora del ETE<\/strong>; <strong>Paulina Urrutia<\/strong>, destaca la capacidad de generar comunidad y abrir nuevas posibilidades para la educaci\u00f3n art\u00edstica: <em>\u201cel ETE es un encuentro, no un espacio de competencia, lo que genera comunidad y permite el intercambio de distintas experiencias creativas sobre un escenario profesional\u201d.<\/em><\/p>\n\n\n\n<p class=\"wp-block-paragraph\">Para la actriz, la experiencia tambi\u00e9n constituye una herramienta de formaci\u00f3n de audiencias y de participaci\u00f3n cultural, especialmente cuando los propios estudiantes crean y ponen en escena temas vinculados con sus comunidades y territorios. Paulina Urrutia afirma adem\u00e1s que la experiencia desarrollada durante estos a\u00f1os es <strong><em>\u201cun modelo de exportaci\u00f3n\u201d<\/em><\/strong><strong>,<\/strong> capaz de generar nuevas oportunidades de encuentro a partir de una metodolog\u00eda que ha sido probada durante 17 a\u00f1os.<\/p>\n\n\n\n<p class=\"wp-block-paragraph\">Para <strong>Catalina Saavedra<\/strong>, <strong>destacada actriz nacional y observadora significativa del ETE<\/strong> en versiones anteriores, uno de los principales aportes del teatro est\u00e1 precisamente en entregar herramientas para expresarse: \u201c<em>A m\u00ed lo que m\u00e1s me emociona es c\u00f3mo los ni\u00f1os aprenden a expresarse. El teatro, las artes y la cultura sensibilizan y hacen tomar conciencia de otras cosas. El teatro es un arte colectivo que invoca muchas \u00e1reas de la creaci\u00f3n y eso abre los ojos a los ni\u00f1os\u201d.<\/em><\/p>\n\n\n\n<p class=\"wp-block-paragraph\">Esta dimensi\u00f3n adquiere especial relevancia en el actual escenario de convivencia escolar. <strong>Cecilia Bravo, coordinadora de Cultura de Fundaci\u00f3n Olivo<\/strong>, destaca el impacto que puede tener una experiencia art\u00edstica sostenida en las comunidades educativas: \u201c<em>Un programa como este ayuda en muchos \u00e1mbitos para el desarrollo socioemocional de los ni\u00f1os que son parte del programa, pero tiene un impacto tremendo en la convivencia. Eso se ve en el escenario, en el trabajo en equipo, en este espacio de expresi\u00f3n y tambi\u00e9n en el respeto que hay de los mismos alumnos que est\u00e1n mirando a sus compa\u00f1eros\u201d.<\/em> Bravo agrega que el modelo desarrollado por ETE durante estos 17 a\u00f1os puede proyectarse hacia otros territorios: <em>\u201cHoy d\u00eda yo lo veo muy bien desarrollado y perfectamente podr\u00eda ser un tipo de encuentro que se replicara en otras partes del pa\u00eds\u201d.<\/em><\/p>\n\n\n\n<p class=\"wp-block-paragraph\">Para <strong>Diego Navarrete, Coordinador de Desarrollo Sectorial de la Secretar\u00eda Ejecutiva de Artes Esc\u00e9nicas del Ministerio de Culturas, las Artes y el Patrimonio<\/strong>, entender este proceso como una convocatoria a comunidades educativas, es fundamental para el desarrollo integral de ni\u00f1os, ni\u00f1as y j\u00f3venes: <em>\u201cUno de los puntos importantes que quer\u00edamos intentar dar cabida en el ministerio es que entend\u00edamos la comunidad educativa, no s\u00f3lo como el espacio del taller de teatro, de danza o de circo, sino tambi\u00e9n, c\u00f3mo eso irradia a todas las personas que son parte de la vida de estos ni\u00f1os y ni\u00f1as. Por eso se extiende la convocatoria a las comunidades educativas, porque es fundamental en estos j\u00f3venes, que sus padres, adultos responsables, y las familias se sumen a esta experiencia. Me parece que es fundamental la presencia, la voluntad y el cari\u00f1o que Paulina y Catalina le han puesto participando en ETE, porque eso cambia y determina la vida de un joven, ya sea se dedique o no a las artes esc\u00e9nicas. Eso es muy potente en cada una de las versiones que se han realizado, es muy emocionante ver que los j\u00f3venes encuentran un espacio en donde son sujetos de derecho, no s\u00f3lo de participar y divertirse, sino tambi\u00e9n de llevar a escena las tem\u00e1ticas que a cada uno de ellos como grupo y equipo le importa poner en escena, que eso lo puedan discutir, que se generen espacios de di\u00e1logo, me parece que crea comunidad y los hace querer seguir participando\u201d.<\/em><\/p>\n\n\n\n<p class=\"wp-block-paragraph\">De esta manera, ETE busca consolidar una experiencia donde el teatro escolar no se entiende \u00fanicamente como una actividad art\u00edstica, sino como una herramienta de formaci\u00f3n, participaci\u00f3n, expresi\u00f3n y construcci\u00f3n de comunidad.<\/p>\n\n\n\n<p class=\"wp-block-paragraph\">El XVII ETE Encuentro Internacional de Teatro Escolar 2026 se realizar\u00e1 entre el 16 y el 20 de noviembre en el Teatro Diego Rivera de Puerto Montt, convocando nuevamente a comunidades educativas de Chile y Latinoam\u00e9rica en torno a una experiencia que, despu\u00e9s de 17 a\u00f1os, busca seguir creciendo, circulando y proyect\u00e1ndose desde las regiones hacia otros territorios.<\/p>\n","protected":false},"excerpt":{"rendered":"<p>Santiago, septiembre de 2026. Lo que comenz\u00f3 el 2009 como un espacio para que comunidades educativas compartieran sus experiencias teatrales, se ha transformado en una iniciativa<span class=\"excerpt-hellip\"> [\u2026]<\/span><\/p>\n","protected":false},"author":4,"featured_media":5330,"comment_status":"open","ping_status":"open","sticky":false,"template":"","format":"standard","meta":{"footnotes":""},"categories":[59],"tags":[],"class_list":["post-5329","post","type-post","status-publish","format-standard","has-post-thumbnail","hentry","category-cultura"],"_links":{"self":[{"href":"https:\/\/osornoenvivo.cl\/index.php?rest_route=\/wp\/v2\/posts\/5329","targetHints":{"allow":["GET"]}}],"collection":[{"href":"https:\/\/osornoenvivo.cl\/index.php?rest_route=\/wp\/v2\/posts"}],"about":[{"href":"https:\/\/osornoenvivo.cl\/index.php?rest_route=\/wp\/v2\/types\/post"}],"author":[{"embeddable":true,"href":"https:\/\/osornoenvivo.cl\/index.php?rest_route=\/wp\/v2\/users\/4"}],"replies":[{"embeddable":true,"href":"https:\/\/osornoenvivo.cl\/index.php?rest_route=%2Fwp%2Fv2%2Fcomments&post=5329"}],"version-history":[{"count":1,"href":"https:\/\/osornoenvivo.cl\/index.php?rest_route=\/wp\/v2\/posts\/5329\/revisions"}],"predecessor-version":[{"id":5331,"href":"https:\/\/osornoenvivo.cl\/index.php?rest_route=\/wp\/v2\/posts\/5329\/revisions\/5331"}],"wp:featuredmedia":[{"embeddable":true,"href":"https:\/\/osornoenvivo.cl\/index.php?rest_route=\/wp\/v2\/media\/5330"}],"wp:attachment":[{"href":"https:\/\/osornoenvivo.cl\/index.php?rest_route=%2Fwp%2Fv2%2Fmedia&parent=5329"}],"wp:term":[{"taxonomy":"category","embeddable":true,"href":"https:\/\/osornoenvivo.cl\/index.php?rest_route=%2Fwp%2Fv2%2Fcategories&post=5329"},{"taxonomy":"post_tag","embeddable":true,"href":"https:\/\/osornoenvivo.cl\/index.php?rest_route=%2Fwp%2Fv2%2Ftags&post=5329"}],"curies":[{"name":"wp","href":"https:\/\/api.w.org\/{rel}","templated":true}]}}