{"id":5341,"date":"2026-09-05T03:09:24","date_gmt":"2026-09-05T03:09:24","guid":{"rendered":"https:\/\/osornoenvivo.cl\/?p=5341"},"modified":"2026-09-05T03:09:24","modified_gmt":"2026-09-05T03:09:24","slug":"27-comunas-de-los-lagos-participaron-en-encuentroregional-de-la-red-local-de-apoyos-y-cuidados","status":"publish","type":"post","link":"https:\/\/osornoenvivo.cl\/?p=5341","title":{"rendered":"27 comunas de Los Lagos participaron en EncuentroRegional de la Red Local de Apoyos y Cuidados"},"content":{"rendered":"\n<p class=\"wp-block-paragraph\">La jornada reuni\u00f3 a representantes de los municipios que implementan el<br>programa en la regi\u00f3n, generando un espacio de coordinaci\u00f3n y fortalecimiento de<br>la red territorial de cuidados.<br>Esta semana se llev\u00f3 a cabo el Encuentro Regional del Programa Red Local de<br>Apoyos y Cuidados (PRLAC), instancia que reuni\u00f3 a representantes de 27<br>comunas de la Regi\u00f3n de Los Lagos, con el objetivo de compartir experiencias,<br>fortalecer la coordinaci\u00f3n territorial y abordar los principales desaf\u00edos para avanzar<br>en la implementaci\u00f3n del Sistema Nacional de Apoyos y Cuidados.<br>La jornada convoc\u00f3 a equipos municipales de las comunas que forman parte de<br>esta red, quienes pudieron conocer experiencias y buenas pr\u00e1cticas desarrolladas<br>en sus territorios, poniendo en el centro las necesidades de las personas con<br>dependencia funcional severa y de quienes ejercen labores de cuidado.<br>El seremi de Desarrollo Social y Familia, Carlos Seitz, se\u00f1al\u00f3 que \u00abhoy d\u00eda<br>estamos llegando a m\u00e1s de seis mil personas en la regi\u00f3n de Los Lagos, y hoy d\u00eda<br>nos planteamos los desaf\u00edos para el pr\u00f3ximo a\u00f1o, que es poder llegar a la<br>totalidad de las comunas, las treinta comunas. Estamos trabajando con las tres<br>comunas que nos faltan todav\u00eda para poder llegar a la base de cuidadores que<br>necesitamos\u00bb.<br>La actividad se desarroll\u00f3 en un a\u00f1o especialmente relevante para el programa en<br>Los Lagos, ya que durante 2026 el PRLAC ampli\u00f3 su presencia de 17 a 27<br>comunas, incorporando diez nuevos territorios y con ello, se amplia la cobertura en<br>las cuatro provincias de la regi\u00f3n.<br>Yerco Rodr\u00edguez, director de Desarrollo Comunitario de la comuna de Puerto<br>Montt, se\u00f1al\u00f3 \u00abpara nosotros como municipio este programa es fundamental en el<br>trabajo que estamos realizando junto con nuestro plan comunal en relaci\u00f3n a todo<br>lo que lleva con los cuidados. Sabemos nosotros que existe una brecha hoy en d\u00eda<br>bastante grande y en la cual estamos trabajando en conjunto, municipalidad y el<br>Ministerio de Desarrollo Social y Familia\u00bb.<\/p>\n\n\n\n<p class=\"wp-block-paragraph\">El Programa Red Local de Apoyos y Cuidados entrega un acompa\u00f1amiento<br>personalizado a los hogares, de acuerdo con sus necesidades. Entre sus<br>prestaciones se encuentran las visitas domiciliarias de asistentes de cuidado,<br>terapia ocupacional, kinesiolog\u00eda y psicolog\u00eda, adem\u00e1s del fortalecimiento de redes<br>comunitarias y, cuando corresponde, la entrega de insumos, ayudas t\u00e9cnicas y<br>adaptaciones domiciliarias.<br>La instancia permiti\u00f3, adem\u00e1s, fortalecer el trabajo colaborativo entre los equipos<br>locales, compartiendo experiencias que contribuyen a mejorar la respuesta hacia<br>las familias y avanzar hacia una implementaci\u00f3n pertinente a las distintas<br>realidades de la regi\u00f3n.<br>La seremi de la Mujer y la Equidad de G\u00e9nero, Karen Verri, enfatiz\u00f3 que \u00abpara<br>nosotros como Gobierno de Chile y como Ministerio de la Mujer, gestiones como<br>esta, diez comunas en tan solo cinco meses de gesti\u00f3n de nuestro Seremi de<br>Desarrollo Social, es un hito importante, porque sabemos que nueve de diez<br>cuidadoras son mujeres. Por tanto, estas son pol\u00edticas p\u00fablicas que van en directo<br>beneficio de las mujeres y sus familias\u00bb.<br>Con este encuentro regional, el Ministerio de Desarrollo Social y Familia reafirma<br>su compromiso con el fortalecimiento del Sistema Nacional de Apoyos y Cuidados,<br>consolidando una red territorial que permita acompa\u00f1ar a las personas con<br>dependencia y entregar mayor apoyo a quienes realizan labores de cuidado.<\/p>\n","protected":false},"excerpt":{"rendered":"<p>La jornada reuni\u00f3 a representantes de los municipios que implementan elprograma en la regi\u00f3n, generando un espacio de coordinaci\u00f3n y fortalecimiento dela red territorial de cuidados.Esta<span class=\"excerpt-hellip\"> [\u2026]<\/span><\/p>\n","protected":false},"author":4,"featured_media":5342,"comment_status":"open","ping_status":"open","sticky":false,"template":"","format":"standard","meta":{"footnotes":""},"categories":[10],"tags":[],"class_list":["post-5341","post","type-post","status-publish","format-standard","has-post-thumbnail","hentry","category-noticias"],"_links":{"self":[{"href":"https:\/\/osornoenvivo.cl\/index.php?rest_route=\/wp\/v2\/posts\/5341","targetHints":{"allow":["GET"]}}],"collection":[{"href":"https:\/\/osornoenvivo.cl\/index.php?rest_route=\/wp\/v2\/posts"}],"about":[{"href":"https:\/\/osornoenvivo.cl\/index.php?rest_route=\/wp\/v2\/types\/post"}],"author":[{"embeddable":true,"href":"https:\/\/osornoenvivo.cl\/index.php?rest_route=\/wp\/v2\/users\/4"}],"replies":[{"embeddable":true,"href":"https:\/\/osornoenvivo.cl\/index.php?rest_route=%2Fwp%2Fv2%2Fcomments&post=5341"}],"version-history":[{"count":1,"href":"https:\/\/osornoenvivo.cl\/index.php?rest_route=\/wp\/v2\/posts\/5341\/revisions"}],"predecessor-version":[{"id":5343,"href":"https:\/\/osornoenvivo.cl\/index.php?rest_route=\/wp\/v2\/posts\/5341\/revisions\/5343"}],"wp:featuredmedia":[{"embeddable":true,"href":"https:\/\/osornoenvivo.cl\/index.php?rest_route=\/wp\/v2\/media\/5342"}],"wp:attachment":[{"href":"https:\/\/osornoenvivo.cl\/index.php?rest_route=%2Fwp%2Fv2%2Fmedia&parent=5341"}],"wp:term":[{"taxonomy":"category","embeddable":true,"href":"https:\/\/osornoenvivo.cl\/index.php?rest_route=%2Fwp%2Fv2%2Fcategories&post=5341"},{"taxonomy":"post_tag","embeddable":true,"href":"https:\/\/osornoenvivo.cl\/index.php?rest_route=%2Fwp%2Fv2%2Ftags&post=5341"}],"curies":[{"name":"wp","href":"https:\/\/api.w.org\/{rel}","templated":true}]}}