{"id":5344,"date":"2026-09-05T03:10:30","date_gmt":"2026-09-05T03:10:30","guid":{"rendered":"https:\/\/osornoenvivo.cl\/?p=5344"},"modified":"2026-09-05T03:10:31","modified_gmt":"2026-09-05T03:10:31","slug":"escuela-efrain-campana-silva-secorona-campeona-regional-debalonmano-y-representara-a-los-lagos-en-el-nacional-escolar","status":"publish","type":"post","link":"https:\/\/osornoenvivo.cl\/?p=5344","title":{"rendered":"ESCUELA EFRA\u00cdN CAMPANA SILVA SECORONA CAMPEONA REGIONAL DEBALONMANO Y REPRESENTAR\u00c1 A LOS LAGOS EN EL NACIONAL ESCOLAR"},"content":{"rendered":"\n<p class=\"wp-block-paragraph\">La educaci\u00f3n p\u00fablica de Osorno vuelve a celebrar un importante \u00e9xito deportivo gracias al<br>destacado desempe\u00f1o de la selecci\u00f3n masculina Sub-14 de Balonmano de la Escuela Efra\u00edn<br>Campana Silva, que se consagr\u00f3 Campeona Regional de los Juegos Deportivos Escolares<br>organizados por el Instituto Nacional del Deporte (IND), tras imponerse con autoridad a los<br>representativos de las provincias de Llanquihue y Chilo\u00e9.<br>La selecci\u00f3n osornina, que adem\u00e1s represent\u00f3 a toda la provincia de Osorno en esta instancia<br>regional, cont\u00f3 con el refuerzo de dos estudiantes provenientes del Liceo Carmela Carvajal de<br>Prat y del Colegio San Jos\u00e9, fortaleciendo un plantel que demostr\u00f3 unidad, compa\u00f1erismo y<br>una notable capacidad competitiva durante todo el campeonato.<br>El director t\u00e9cnico y profesor de Educaci\u00f3n F\u00edsica de la Escuela Efra\u00edn Campana Silva,<br>Gabriel Leal, expres\u00f3 su orgullo por el desempe\u00f1o de sus dirigidos y destac\u00f3 \u201cel compromiso<br>mostrado por los estudiantes desde el inicio del proceso de preparaci\u00f3n. Este logro es fruto<br>del esfuerzo de cada uno de ellos y nos llena de orgullo porque dejan en alto el nombre de<br>nuestra escuela, de la provincia de Osorno y de toda la educaci\u00f3n p\u00fablica de la comuna\u201d,<br>se\u00f1al\u00f3.<br>Seg\u00fan relat\u00f3 el docente, uno de los desaf\u00edos m\u00e1s complejos del torneo era enfrentar al<br>representativo de Llanquihue, \u201cselecci\u00f3n que durante los \u00faltimos tres a\u00f1os hab\u00eda logrado<br>posicionarse entre los finalistas nacionales. Sin embargo, los j\u00f3venes exhibieron un gran<br>nivel t\u00e9cnico y t\u00e1ctico para imponerse por un claro marcador de 17 a 10, resultado que<br>fortaleci\u00f3 la confianza del equipo y renov\u00f3 el esp\u00edritu competitivo de los j\u00f3venes\u201d.<br>Tras la obtenci\u00f3n del t\u00edtulo regional, dijo Leal, \u201ccomienza una nueva etapa de preparaci\u00f3n<br>con miras a la gran final nacional de los Juegos Deportivos Escolares, que se disputar\u00e1 en<br>Valpara\u00edso. Para ello, el equipo iniciar\u00e1 un intenso proceso de entrenamiento enfocado en<br>el perfeccionamiento t\u00e9cnico y t\u00e1ctico, con la ilusi\u00f3n de representar de la mejor manera a<br>Osorno, a la Regi\u00f3n de Los Lagos y a toda la educaci\u00f3n p\u00fablica en la principal cita<br>deportiva escolar del pa\u00eds\u201d.<br>Este brillante resultado constituye una muestra concreta del trabajo formativo que se<br>desarrolla en los establecimientos municipales de Osorno, donde el deporte es promovido<br>como una herramienta fundamental para fortalecer valores como la disciplina, la<br>perseverancia, el respeto, el liderazgo y el trabajo en equipo. Asimismo, evidencia el rol clave<br>que cumplen los profesores y entrenadores en la detecci\u00f3n y proyecci\u00f3n de talentos,<br>acompa\u00f1ando a los estudiantes en el desarrollo de sus capacidades y sue\u00f1os deportivos.<\/p>\n","protected":false},"excerpt":{"rendered":"<p>La educaci\u00f3n p\u00fablica de Osorno vuelve a celebrar un importante \u00e9xito deportivo gracias aldestacado desempe\u00f1o de la selecci\u00f3n masculina Sub-14 de Balonmano de la Escuela Efra\u00ednCampana<span class=\"excerpt-hellip\"> [\u2026]<\/span><\/p>\n","protected":false},"author":4,"featured_media":5345,"comment_status":"open","ping_status":"open","sticky":false,"template":"","format":"standard","meta":{"footnotes":""},"categories":[1],"tags":[],"class_list":["post-5344","post","type-post","status-publish","format-standard","has-post-thumbnail","hentry","category-uncategorized"],"_links":{"self":[{"href":"https:\/\/osornoenvivo.cl\/index.php?rest_route=\/wp\/v2\/posts\/5344","targetHints":{"allow":["GET"]}}],"collection":[{"href":"https:\/\/osornoenvivo.cl\/index.php?rest_route=\/wp\/v2\/posts"}],"about":[{"href":"https:\/\/osornoenvivo.cl\/index.php?rest_route=\/wp\/v2\/types\/post"}],"author":[{"embeddable":true,"href":"https:\/\/osornoenvivo.cl\/index.php?rest_route=\/wp\/v2\/users\/4"}],"replies":[{"embeddable":true,"href":"https:\/\/osornoenvivo.cl\/index.php?rest_route=%2Fwp%2Fv2%2Fcomments&post=5344"}],"version-history":[{"count":1,"href":"https:\/\/osornoenvivo.cl\/index.php?rest_route=\/wp\/v2\/posts\/5344\/revisions"}],"predecessor-version":[{"id":5346,"href":"https:\/\/osornoenvivo.cl\/index.php?rest_route=\/wp\/v2\/posts\/5344\/revisions\/5346"}],"wp:featuredmedia":[{"embeddable":true,"href":"https:\/\/osornoenvivo.cl\/index.php?rest_route=\/wp\/v2\/media\/5345"}],"wp:attachment":[{"href":"https:\/\/osornoenvivo.cl\/index.php?rest_route=%2Fwp%2Fv2%2Fmedia&parent=5344"}],"wp:term":[{"taxonomy":"category","embeddable":true,"href":"https:\/\/osornoenvivo.cl\/index.php?rest_route=%2Fwp%2Fv2%2Fcategories&post=5344"},{"taxonomy":"post_tag","embeddable":true,"href":"https:\/\/osornoenvivo.cl\/index.php?rest_route=%2Fwp%2Fv2%2Ftags&post=5344"}],"curies":[{"name":"wp","href":"https:\/\/api.w.org\/{rel}","templated":true}]}}